{"id":120052,"date":"2021-07-01T05:30:00","date_gmt":"2021-07-01T09:30:00","guid":{"rendered":"https:\/\/linitiative.ca\/International\/madrid-nacceptera-jamais-de-referendum\/"},"modified":"2021-07-01T05:30:00","modified_gmt":"2021-07-01T09:30:00","slug":"madrid-nacceptera-jamais-de-referendum","status":"publish","type":"post","link":"https:\/\/linitiative.ca\/International\/madrid-nacceptera-jamais-de-referendum\/","title":{"rendered":"Madrid n&rsquo;acceptera jamais de r\u00e9f\u00e9rendum"},"content":{"rendered":"<div>Les socialistes au pouvoir en Espagne n&rsquo;accepteront jamais de r\u00e9f\u00e9rendum d&rsquo;autod\u00e9termination en Catalogne, une revendication centrale des s\u00e9paratistes catalans avec qui Madrid doit reprendre en septembre ses n\u00e9gociations,<\/div>\n<p>Auteur:<br \/>\n<a href=\"https:\/\/www.liberte-algerie.com\/international\/madrid-nacceptera-jamais-de-referendum-361216\">Cliquez ici pour lire l&rsquo;article depuis sa source.<\/a><\/p>\n","protected":false},"excerpt":{"rendered":"<p>Les socialistes au pouvoir en Espagne n&rsquo;accepteront jamais de r\u00e9f\u00e9rendum d&rsquo;autod\u00e9termination en Catalogne, une revendication centrale des s\u00e9paratistes catalans avec qui Madrid doit reprendre en septembre ses n\u00e9gociations, Auteur: Cliquez ici pour lire l&rsquo;article depuis sa source.<\/p>\n","protected":false},"author":1742,"featured_media":0,"comment_status":"closed","ping_status":"closed","sticky":false,"template":"","format":"standard","meta":{"fifu_image_url":"","fifu_image_alt":"","footnotes":""},"categories":[73,53],"tags":[],"class_list":["post-120052","post","type-post","status-publish","format-standard","hentry","category-actualite","category-algerie"],"_links":{"self":[{"href":"https:\/\/linitiative.ca\/International\/wp-json\/wp\/v2\/posts\/120052","targetHints":{"allow":["GET"]}}],"collection":[{"href":"https:\/\/linitiative.ca\/International\/wp-json\/wp\/v2\/posts"}],"about":[{"href":"https:\/\/linitiative.ca\/International\/wp-json\/wp\/v2\/types\/post"}],"author":[{"embeddable":true,"href":"https:\/\/linitiative.ca\/International\/wp-json\/wp\/v2\/users\/1742"}],"replies":[{"embeddable":true,"href":"https:\/\/linitiative.ca\/International\/wp-json\/wp\/v2\/comments?post=120052"}],"version-history":[{"count":0,"href":"https:\/\/linitiative.ca\/International\/wp-json\/wp\/v2\/posts\/120052\/revisions"}],"wp:attachment":[{"href":"https:\/\/linitiative.ca\/International\/wp-json\/wp\/v2\/media?parent=120052"}],"wp:term":[{"taxonomy":"category","embeddable":true,"href":"https:\/\/linitiative.ca\/International\/wp-json\/wp\/v2\/categories?post=120052"},{"taxonomy":"post_tag","embeddable":true,"href":"https:\/\/linitiative.ca\/International\/wp-json\/wp\/v2\/tags?post=120052"}],"curies":[{"name":"wp","href":"https:\/\/api.w.org\/{rel}","templated":true}]}}