{"id":120054,"date":"2021-07-01T07:08:19","date_gmt":"2021-07-01T11:08:19","guid":{"rendered":"https:\/\/linitiative.ca\/International\/le-royal-tennis-club-de-marrakech-tient-son-ago-au-titre-de-2019-2020\/"},"modified":"2021-07-01T07:08:19","modified_gmt":"2021-07-01T11:08:19","slug":"le-royal-tennis-club-de-marrakech-tient-son-ago-au-titre-de-2019-2020","status":"publish","type":"post","link":"https:\/\/linitiative.ca\/International\/le-royal-tennis-club-de-marrakech-tient-son-ago-au-titre-de-2019-2020\/","title":{"rendered":"Le Royal Tennis Club de Marrakech tient son AGO au titre de 2019-2020"},"content":{"rendered":"<div>\n<div style=\"margin-bottom:20px;\"><img loading=\"lazy\" decoding=\"async\" width=\"750\" height=\"430\" src=\"https:\/\/linitiative.ca\/International\/wp-content\/uploads\/sites\/23\/2021\/07\/tennis-copier.jpg\" class=\"attachment-post-thumbnail size-post-thumbnail wp-post-image\" alt=\"\" srcset=\"https:\/\/linitiative.ca\/International\/wp-content\/uploads\/sites\/23\/2021\/07\/tennis-copier.jpg 750w, http:\/\/www.mapmarrakech.ma\/map\/uploads\/2021\/07\/tennis-copier-300x172.jpg 300w\" sizes=\"auto, (max-width: 750px) 100vw, 750px\"><\/div>\n<p>Lors de cette AGO qui avait \u00e9t\u00e9 report\u00e9e \u00e0 plusieurs reprises en raison de la propagation de la pand\u00e9mie du nouveau coronavirus (Covid-19), il a \u00e9t\u00e9 proc\u00e9d\u00e9 \u00e0 l\u2019adoption des rapports moral et financier du RTCMA.<\/p>\n<p>Dans une allocution de circonstance, le pr\u00e9sident du RTCMA, M. Aziz Tifnouti,\u00a0a soulign\u00e9 que le club a v\u00e9cu une p\u00e9riode tr\u00e8s difficile \u00e0 cause de cette pand\u00e9mie de la Covid-19. \u00ab\u00a0Mais notre club a tenu bon gr\u00e2ce \u00e0 la f\u00e9d\u00e9ration des efforts de tous les membres et le personnel\u00a0\u00bb, a-t-il ajout\u00e9.<\/p>\n<p>Il a, par la m\u00eame occasion, exprim\u00e9 ses remerciements aux membres qui ont r\u00e9pondu favorablement en aide aux ramasseurs et aux personnels du club durant cette conjoncture exceptionnelle. \u00ab\u00a0Toutes les actions que j\u2019ai men\u00e9es avec le comit\u00e9 dirigeant ont \u00e9t\u00e9 couronn\u00e9es de succ\u00e8s et je suis tr\u00e8s fier de nos membres qui ont \u00e9t\u00e9 solidaires avec les ramasseurs et le personnel du club\u00a0\u00bb, a-t-il dit.<\/p>\n<p>M.Tifnouti a tenu \u00e0 rappeler qu\u2019une fois le d\u00e9confinement annonc\u00e9, le comit\u00e9 dirigeant du club a pris toutes les pr\u00e9cautions et les dispositions n\u00e9cessaires afin de permettre au Club de mener ses activit\u00e9s dans d\u2019excellentes conditions notamment dans le contexte de la Covid-19.<\/p>\n<p>A noter que le rapport moral pr\u00e9sent\u00e9 lors de cette AGO a mis l\u2019accent sur les cons\u00e9quences n\u00e9fastes de la p\u00e9riode du confinement sanitaire sur le bon fonctionnement du RTCMA.<\/p>\n<p>Le document souligne aussi qu\u2019une fois le d\u00e9confinement annonc\u00e9, le comit\u00e9 dirigeant a pris toutes les dispositions n\u00e9cessaires afin de prot\u00e9ger les membres du club.<\/p>\n<p>En chiffres, pour la saison 2019-2020, le RTCMA comptait 758 membres, dont 371 membres adultes et 386 jeunes.<\/p>\n<p>Lors de la pr\u00e9c\u00e9dente AGO, le comit\u00e9 s\u2019\u00e9tait fix\u00e9 un certain nombre d\u2019objectifs, tels que le d\u00e9veloppement de l\u2019infrastructure du Club, la poursuite et l\u2019am\u00e9lioration de la politique sportive et de la gestion administrative, la rationalisation des d\u00e9penses, l\u2019entretien et l\u2019embellissement du club, et le r\u00e9am\u00e9nagement de certains locaux pour offrir davantage de confort pour les membres.<\/p>\n<p>Au cours de cette saison, le\u00a0RTCMA\u00a0a connu une activit\u00e9 sportive moindre que d\u2019habitude, lit-on dans le rapport.<\/p>\n<p>A part le Tournoi national et la rencontre de la Coupe Davis Maroc-Vietnam, le comit\u00e9 dirigeant n\u2019a pas pu organiser d\u2019autres manifestations pr\u00e9vues dans son programme en raison de la pand\u00e9mie de la Covid-19, poursuit la m\u00eame source.<\/p>\n<p>Conform\u00e9ment \u00e0 sa politique sportive visant la relance et le rehaussement du niveau tennistique dans la ville ocre, le comit\u00e9 a proc\u00e9d\u00e9 au d\u00e9marrage de la nouvelle saison avec l\u2019Acad\u00e9mie de Tennis initiant une Ecole de mini-tennis, une Ecole de tennis, un Centre de perfectionnement, un Centre d\u2019\u00e9lite et un Centre super \u00e9lite.<\/p>\n<p>Aussi, le comit\u00e9 dirigeant a adopt\u00e9 une politique\u00a0qui a pour objectifs de\u00a0redynamiser les activit\u00e9s sportives en am\u00e9liorant l\u2019encadrement et les performances des jeunes pratiquants, renforcer le programme d\u2019entra\u00eenement pour les jeunes et leur participation massive aux diff\u00e9rentes comp\u00e9titions organis\u00e9es par la F\u00e9d\u00e9ration Royale Marocaine de Tennis (FRMT) et par les diff\u00e9rents Clubs du Royaume, et de poursuivre la formation des jeunes au niveau de l\u2019\u00e9cole pour assurer la rel\u00e8ve.<\/p>\n<p>Concernant les perspectives du budget pr\u00e9visionnel, le rapport indique que sans les subventions et les Tournois internationaux (Grand Prix Hassan II, Coupe Davis, Championnats d\u2019Afrique\u2026.), la tr\u00e9sorerie du RTCMA est amoindrie et les ressources accusent un tarissement.<\/p>\n<p>C\u00f4t\u00e9 sportif, pour l\u2019ann\u00e9e prochaine, le comit\u00e9 proc\u00e9dera \u00e0 l\u2019organisation du tournoi national, l\u2019engagement d\u2019un directeur technique, l\u2019accompagnement des jeunes \u00e9lites et la participation \u00e0 toutes les manifestations organis\u00e9es par la FRMT.<\/p>\n<p>The post <a rel=\"nofollow\" href=\"http:\/\/www.mapmarrakech.ma\/fr\/le-royal-tennis-club-de-marrakech-tient-son-ago-au-titre-de-2019-2020\/\">Le Royal Tennis Club de Marrakech tient son AGO au titre de 2019-2020<\/a> appeared first on <a rel=\"nofollow\" href=\"http:\/\/www.mapmarrakech.ma\/fr\">MapMarrakech<\/a>.<\/p>\n<\/div>\n<p>Auteur: Meriem IGASS<br \/>\n<a href=\"http:\/\/www.mapmarrakech.ma\/fr\/le-royal-tennis-club-de-marrakech-tient-son-ago-au-titre-de-2019-2020\/\">Cliquez ici pour lire l&rsquo;article depuis sa source.<\/a><\/p>\n","protected":false},"excerpt":{"rendered":"<p>Lors de cette AGO qui avait \u00e9t\u00e9 report\u00e9e \u00e0 plusieurs reprises en raison de la propagation de la pand\u00e9mie du nouveau coronavirus (Covid-19), il a \u00e9t\u00e9 proc\u00e9d\u00e9 \u00e0 l\u2019adoption des rapports moral et financier du RTCMA. Dans une allocution de circonstance, le pr\u00e9sident du RTCMA, M. Aziz Tifnouti,\u00a0a soulign\u00e9 que le club a v\u00e9cu une [&hellip;]<\/p>\n","protected":false},"author":1788,"featured_media":0,"comment_status":"closed","ping_status":"closed","sticky":false,"template":"","format":"standard","meta":{"fifu_image_url":"http:\/\/www.mapmarrakech.ma\/map\/uploads\/2021\/07\/tennis-copier.jpg","fifu_image_alt":"Le Royal Tennis Club de Marrakech tient son AGO au titre de 2019-2020","footnotes":""},"categories":[54,76],"tags":[],"class_list":["post-120054","post","type-post","status-publish","format-standard","hentry","category-maroc","category-regions"],"_links":{"self":[{"href":"https:\/\/linitiative.ca\/International\/wp-json\/wp\/v2\/posts\/120054","targetHints":{"allow":["GET"]}}],"collection":[{"href":"https:\/\/linitiative.ca\/International\/wp-json\/wp\/v2\/posts"}],"about":[{"href":"https:\/\/linitiative.ca\/International\/wp-json\/wp\/v2\/types\/post"}],"author":[{"embeddable":true,"href":"https:\/\/linitiative.ca\/International\/wp-json\/wp\/v2\/users\/1788"}],"replies":[{"embeddable":true,"href":"https:\/\/linitiative.ca\/International\/wp-json\/wp\/v2\/comments?post=120054"}],"version-history":[{"count":0,"href":"https:\/\/linitiative.ca\/International\/wp-json\/wp\/v2\/posts\/120054\/revisions"}],"wp:attachment":[{"href":"https:\/\/linitiative.ca\/International\/wp-json\/wp\/v2\/media?parent=120054"}],"wp:term":[{"taxonomy":"category","embeddable":true,"href":"https:\/\/linitiative.ca\/International\/wp-json\/wp\/v2\/categories?post=120054"},{"taxonomy":"post_tag","embeddable":true,"href":"https:\/\/linitiative.ca\/International\/wp-json\/wp\/v2\/tags?post=120054"}],"curies":[{"name":"wp","href":"https:\/\/api.w.org\/{rel}","templated":true}]}}