{"id":120056,"date":"2021-07-01T07:33:59","date_gmt":"2021-07-01T11:33:59","guid":{"rendered":"https:\/\/linitiative.ca\/International\/vague-de-chaleur-de-jeudi-a-mardi-dans-plusieurs-provinces\/"},"modified":"2021-07-01T07:33:59","modified_gmt":"2021-07-01T11:33:59","slug":"vague-de-chaleur-de-jeudi-a-mardi-dans-plusieurs-provinces","status":"publish","type":"post","link":"https:\/\/linitiative.ca\/International\/vague-de-chaleur-de-jeudi-a-mardi-dans-plusieurs-provinces\/","title":{"rendered":"Vague de chaleur de jeudi \u00e0 mardi dans plusieurs provinces"},"content":{"rendered":"<div>\n<div style=\"margin-bottom:20px;\"><img loading=\"lazy\" decoding=\"async\" width=\"750\" height=\"430\" src=\"https:\/\/linitiative.ca\/International\/wp-content\/uploads\/sites\/23\/2021\/07\/soleil.jpg\" class=\"attachment-post-thumbnail size-post-thumbnail wp-post-image\" alt=\"\" srcset=\"https:\/\/linitiative.ca\/International\/wp-content\/uploads\/sites\/23\/2021\/07\/soleil.jpg 750w, http:\/\/www.mapmarrakech.ma\/map\/uploads\/2021\/07\/soleil-300x172.jpg 300w\" sizes=\"auto, (max-width: 750px) 100vw, 750px\"><\/div>\n<p>Ainsi, des temp\u00e9ratures variant entre 39 et 42\u00b0C concerneront jeudi les provinces de Fquih Ben Salah, Kh\u00e9nifra, Khouribga et Settat, indique la DGM dans un bulletin d\u2019alerte m\u00e9t\u00e9orologique faisant \u00e9tat d\u2019un niveau de vigilance orange.<\/p>\n<p>De vendredi \u00e0 lundi, les provinces de Marrakech, Rehamna, El Keaa des Sraghna, B\u00e9ni Mellal, Boulemane, Fquih Ben Salah, Kh\u00e9nifra, Khouribga et Settat conna\u00eetront des temp\u00e9ratures variant entre 39 et 43 degr\u00e9s, ajoute la m\u00eame source.<\/p>\n<p>Alors que des temp\u00e9ratures oscillant entre 42 et 45 degr\u00e9s int\u00e9resseront de jeudi \u00e0 mardi les provinces d\u2019Assa-Zag, Errachidia, Figuig, Smara, Taroudant, Tata et Zagora, pr\u00e9cise la DGM.<\/p>\n<p>The post <a rel=\"nofollow\" href=\"http:\/\/www.mapmarrakech.ma\/fr\/vague-de-chaleur-de-jeudi-a-mardi-dans-plusieurs-provinces\/\">Vague de chaleur de jeudi \u00e0 mardi dans plusieurs provinces<\/a> appeared first on <a rel=\"nofollow\" href=\"http:\/\/www.mapmarrakech.ma\/fr\">MapMarrakech<\/a>.<\/p>\n<\/div>\n<p>Auteur: Meriem IGASS<br \/>\n<a href=\"http:\/\/www.mapmarrakech.ma\/fr\/vague-de-chaleur-de-jeudi-a-mardi-dans-plusieurs-provinces\/\">Cliquez ici pour lire l&rsquo;article depuis sa source.<\/a><\/p>\n","protected":false},"excerpt":{"rendered":"<p>Ainsi, des temp\u00e9ratures variant entre 39 et 42\u00b0C concerneront jeudi les provinces de Fquih Ben Salah, Kh\u00e9nifra, Khouribga et Settat, indique la DGM dans un bulletin d\u2019alerte m\u00e9t\u00e9orologique faisant \u00e9tat d\u2019un niveau de vigilance orange. De vendredi \u00e0 lundi, les provinces de Marrakech, Rehamna, El Keaa des Sraghna, B\u00e9ni Mellal, Boulemane, Fquih Ben Salah, Kh\u00e9nifra, [&hellip;]<\/p>\n","protected":false},"author":1788,"featured_media":0,"comment_status":"closed","ping_status":"closed","sticky":false,"template":"","format":"standard","meta":{"fifu_image_url":"http:\/\/www.mapmarrakech.ma\/map\/uploads\/2021\/07\/soleil.jpg","fifu_image_alt":"Vague de chaleur de jeudi \u00e0 mardi dans plusieurs provinces","footnotes":""},"categories":[54,76],"tags":[],"class_list":["post-120056","post","type-post","status-publish","format-standard","hentry","category-maroc","category-regions"],"_links":{"self":[{"href":"https:\/\/linitiative.ca\/International\/wp-json\/wp\/v2\/posts\/120056","targetHints":{"allow":["GET"]}}],"collection":[{"href":"https:\/\/linitiative.ca\/International\/wp-json\/wp\/v2\/posts"}],"about":[{"href":"https:\/\/linitiative.ca\/International\/wp-json\/wp\/v2\/types\/post"}],"author":[{"embeddable":true,"href":"https:\/\/linitiative.ca\/International\/wp-json\/wp\/v2\/users\/1788"}],"replies":[{"embeddable":true,"href":"https:\/\/linitiative.ca\/International\/wp-json\/wp\/v2\/comments?post=120056"}],"version-history":[{"count":0,"href":"https:\/\/linitiative.ca\/International\/wp-json\/wp\/v2\/posts\/120056\/revisions"}],"wp:attachment":[{"href":"https:\/\/linitiative.ca\/International\/wp-json\/wp\/v2\/media?parent=120056"}],"wp:term":[{"taxonomy":"category","embeddable":true,"href":"https:\/\/linitiative.ca\/International\/wp-json\/wp\/v2\/categories?post=120056"},{"taxonomy":"post_tag","embeddable":true,"href":"https:\/\/linitiative.ca\/International\/wp-json\/wp\/v2\/tags?post=120056"}],"curies":[{"name":"wp","href":"https:\/\/api.w.org\/{rel}","templated":true}]}}