{"id":120060,"date":"2021-07-01T08:55:21","date_gmt":"2021-07-01T12:55:21","guid":{"rendered":"https:\/\/linitiative.ca\/International\/etablissement-integre-formation-au-profit-des-membres-du-comite\/"},"modified":"2021-07-01T08:55:21","modified_gmt":"2021-07-01T12:55:21","slug":"etablissement-integre-formation-au-profit-des-membres-du-comite","status":"publish","type":"post","link":"https:\/\/linitiative.ca\/International\/etablissement-integre-formation-au-profit-des-membres-du-comite\/","title":{"rendered":"\u00c9tablissement int\u00e9gr\u00e9: Formation au profit des membres du comit\u00e9"},"content":{"rendered":"<div>\n<div style=\"margin-bottom:20px;\"><img loading=\"lazy\" decoding=\"async\" width=\"750\" height=\"430\" src=\"https:\/\/linitiative.ca\/International\/wp-content\/uploads\/sites\/23\/2021\/07\/enseignement-alternance-copier.jpg\" class=\"attachment-post-thumbnail size-post-thumbnail wp-post-image\" alt=\"\" srcset=\"https:\/\/linitiative.ca\/International\/wp-content\/uploads\/sites\/23\/2021\/07\/enseignement-alternance-copier.jpg 750w, http:\/\/www.mapmarrakech.ma\/map\/uploads\/2021\/07\/enseignement-alternance-copier-300x172.jpg 300w\" sizes=\"auto, (max-width: 750px) 100vw, 750px\"><\/div>\n<p>Cette formation, qui s\u2019inscrit dans le cadre de la poursuite de la d\u00e9clinaison du projet \u00ab\u00a0Education Secondaire\u00a0\u00bb, en particulier la composante relative \u00e0 l\u2019instauration du mod\u00e8le du \u00ab\u00a0Lyc\u00e9e Attahadi\u00a0\u00bb, a connu la participation des enseignantes et enseignants relevant des \u00e9tablissements scolaires b\u00e9n\u00e9ficiaires de ce projet au niveau des Directions provinciales d\u2019Essaouira et de Safi.<\/p>\n<p>A noter que les \u00e9tablissements d\u2019enseignement b\u00e9n\u00e9ficiaires du projet \u00ab\u00a0Education secondaire\u00a0\u00bb dans la province d\u2019Essaouira sont le lyc\u00e9e coll\u00e9gial nouveau (commune d\u2019Essaouira), le lyc\u00e9e coll\u00e9gial Smimou (commune de Smimou), le Lyc\u00e9e coll\u00e9gial Mohamed Zerktouni (commune d\u2019Ounagha), le lyc\u00e9e coll\u00e9gial Jabir Ibn Hayane (commune de Sidi Ishaq) et le lyc\u00e9e qualifiant Talmest (commune de Talmest).<\/p>\n<p>A cette occasion, le directeur provincial de l\u2019\u00e9ducation nationale \u00e0 Essaouira, M. Nourdine El Aoufi Laghzaoui, a mis en avant l\u2019importance des diff\u00e9rentes composantes de ce projet, \u00e0 m\u00eame de tirer vers le haut le rendement du syst\u00e8me p\u00e9dagogique, notamment dans son volet inh\u00e9rent au renforcement des capacit\u00e9s des cadres administratifs et p\u00e9dagogiques.<\/p>\n<p>A rappeler que le projet \u00ab\u00a0Education secondaire\u00a0\u00bb s\u2019inscrit dans le cadre du 2\u00e8me programme de coop\u00e9ration \u00ab\u00a0Compact II\u00a0\u00bb, conclu entre le gouvernement du Royaume du Maroc et le gouvernement des Etats-Unis, repr\u00e9sent\u00e9 par le Millennium Challenge Corporation (MCC).<\/p>\n<p>Dot\u00e9 d\u2019un budget de 111,4 millions de dollars US, il a pour objectifs d\u2019am\u00e9liorer la qualit\u00e9 et la pertinence des programmes de l\u2019enseignement secondaire (coll\u00e8ges et lyc\u00e9es) et de garantir l\u2019\u00e9quit\u00e9 d\u2019acc\u00e8s \u00e0 cet enseignement.<\/p>\n<p>Quant au \u00ab\u00a0Lyc\u00e9e Attahadi\u00a0\u00bb (lyc\u00e9e du d\u00e9fi), il constitue la principale composante du projet \u00ab\u00a0Education Secondaire\u00a0\u00bb. Son d\u00e9ploiement consiste \u00e0 apporter un appui int\u00e9gr\u00e9 aux \u00e9tablissements de l\u2019enseignement secondaire cibles, portant sur le renforcement de leur autonomie administrative et financi\u00e8re, la promotion d\u2019une p\u00e9dagogie centr\u00e9e sur l\u2019\u00e9l\u00e8ve et l\u2019am\u00e9lioration de l\u2019environnement physique des apprentissages \u00e0 travers des r\u00e9habilitations ad\u00e9quates des infrastructures scolaires et la fourniture d\u2019\u00e9quipements n\u00e9cessaires \u00e0 l\u2019innovation p\u00e9dagogique.<\/p>\n<p>The post <a rel=\"nofollow\" href=\"http:\/\/www.mapmarrakech.ma\/fr\/etablissement-integre-formation-au-profit-des-membres-du-comite-de-pilotage\/\">\u00c9tablissement int\u00e9gr\u00e9: Formation au profit des membres du comit\u00e9<\/a> appeared first on <a rel=\"nofollow\" href=\"http:\/\/www.mapmarrakech.ma\/fr\">MapMarrakech<\/a>.<\/p>\n<\/div>\n<p>Auteur: Meriem IGASS<br \/>\n<a href=\"http:\/\/www.mapmarrakech.ma\/fr\/etablissement-integre-formation-au-profit-des-membres-du-comite-de-pilotage\/\">Cliquez ici pour lire l&rsquo;article depuis sa source.<\/a><\/p>\n","protected":false},"excerpt":{"rendered":"<p>Cette formation, qui s\u2019inscrit dans le cadre de la poursuite de la d\u00e9clinaison du projet \u00ab\u00a0Education Secondaire\u00a0\u00bb, en particulier la composante relative \u00e0 l\u2019instauration du mod\u00e8le du \u00ab\u00a0Lyc\u00e9e Attahadi\u00a0\u00bb, a connu la participation des enseignantes et enseignants relevant des \u00e9tablissements scolaires b\u00e9n\u00e9ficiaires de ce projet au niveau des Directions provinciales d\u2019Essaouira et de Safi. A [&hellip;]<\/p>\n","protected":false},"author":1788,"featured_media":0,"comment_status":"closed","ping_status":"closed","sticky":false,"template":"","format":"standard","meta":{"fifu_image_url":"http:\/\/www.mapmarrakech.ma\/map\/uploads\/2021\/07\/enseignement-alternance-copier.jpg","fifu_image_alt":"\u00c9tablissement int\u00e9gr\u00e9: Formation au profit des membres du comit\u00e9","footnotes":""},"categories":[54,76],"tags":[],"class_list":["post-120060","post","type-post","status-publish","format-standard","hentry","category-maroc","category-regions"],"_links":{"self":[{"href":"https:\/\/linitiative.ca\/International\/wp-json\/wp\/v2\/posts\/120060","targetHints":{"allow":["GET"]}}],"collection":[{"href":"https:\/\/linitiative.ca\/International\/wp-json\/wp\/v2\/posts"}],"about":[{"href":"https:\/\/linitiative.ca\/International\/wp-json\/wp\/v2\/types\/post"}],"author":[{"embeddable":true,"href":"https:\/\/linitiative.ca\/International\/wp-json\/wp\/v2\/users\/1788"}],"replies":[{"embeddable":true,"href":"https:\/\/linitiative.ca\/International\/wp-json\/wp\/v2\/comments?post=120060"}],"version-history":[{"count":0,"href":"https:\/\/linitiative.ca\/International\/wp-json\/wp\/v2\/posts\/120060\/revisions"}],"wp:attachment":[{"href":"https:\/\/linitiative.ca\/International\/wp-json\/wp\/v2\/media?parent=120060"}],"wp:term":[{"taxonomy":"category","embeddable":true,"href":"https:\/\/linitiative.ca\/International\/wp-json\/wp\/v2\/categories?post=120060"},{"taxonomy":"post_tag","embeddable":true,"href":"https:\/\/linitiative.ca\/International\/wp-json\/wp\/v2\/tags?post=120060"}],"curies":[{"name":"wp","href":"https:\/\/api.w.org\/{rel}","templated":true}]}}