{"id":120062,"date":"2021-07-01T10:24:29","date_gmt":"2021-07-01T14:24:29","guid":{"rendered":"https:\/\/linitiative.ca\/International\/prochaine-ag-de-lomt-a-marrakech-evenement-majeur\/"},"modified":"2021-07-01T10:24:29","modified_gmt":"2021-07-01T14:24:29","slug":"prochaine-ag-de-lomt-a-marrakech-evenement-majeur","status":"publish","type":"post","link":"https:\/\/linitiative.ca\/International\/prochaine-ag-de-lomt-a-marrakech-evenement-majeur\/","title":{"rendered":"Prochaine AG de l\u2019OMT \u00e0 Marrakech, \u00e9v\u00e9nement majeur"},"content":{"rendered":"<div>\n<div style=\"margin-bottom:20px;\"><img loading=\"lazy\" decoding=\"async\" width=\"750\" height=\"430\" src=\"https:\/\/linitiative.ca\/International\/wp-content\/uploads\/sites\/23\/2021\/07\/saoudien-copier.jpg\" class=\"attachment-post-thumbnail size-post-thumbnail wp-post-image\" alt=\"\" srcset=\"https:\/\/linitiative.ca\/International\/wp-content\/uploads\/sites\/23\/2021\/07\/saoudien-copier.jpg 750w, http:\/\/www.mapmarrakech.ma\/map\/uploads\/2021\/07\/saoudien-copier-300x172.jpg 300w\" sizes=\"auto, (max-width: 750px) 100vw, 750px\"><\/div>\n<p>Lors d\u2019une rencontre avec la ministre du Tourisme, de l\u2019Artisanat, du Transport a\u00e9rien et de l\u2019\u00c9conomie sociale, Nadia Fettah Alaoui, le ministre saoudien a affirm\u00e9 que son pays \u0153uvrera avec le Maroc pour assurer la r\u00e9ussite des travaux de cette Assembl\u00e9e g\u00e9n\u00e9rale, notant que cet \u00e9v\u00e9nement international abordera les d\u00e9fis et les perspectives de d\u00e9veloppement du tourisme mondial.<\/p>\n<p>Cette Assembl\u00e9e g\u00e9n\u00e9rale sera l\u2019occasion de discuter de projets importants destin\u00e9s \u00e0 relancer le tourisme mondial, a-t-il dit, pr\u00e9cisant que le secteur a fait face \u00e0 des d\u00e9fis sans pr\u00e9c\u00e9dent au cours de l\u2019ann\u00e9e 2020 en raison des r\u00e9percussions de la pand\u00e9mie de la Covid-19.<\/p>\n<p>L\u2019accueil par le Maroc de la 24-\u00e8me session de cette Assembl\u00e9e g\u00e9n\u00e9rale permettra de mettre en \u00e9vidence les potentialit\u00e9s touristiques dont regorge la r\u00e9gion arabe, ainsi que d\u2019\u00e9voquer les enjeux qui concernent la r\u00e9gion dans le domaine du tourisme, a poursuivi le responsable saoudien.<\/p>\n<p>Il a, par ailleurs, rappel\u00e9 que le secteur a perdu plus de 60 millions d\u2019emplois au niveau mondial, en raison de la crise engendr\u00e9e par le coronavirus, de m\u00eame que plusieurs pays ont \u00e9t\u00e9 affect\u00e9s sur le plan \u00e9conomique par la baisse de l\u2019activit\u00e9 touristique, insistant sur la n\u00e9cessit\u00e9 de mener une action commune\u00a0pour relever les d\u00e9fis actuels et prendre des mesures concr\u00e8tes afin de relancer le secteur.<\/p>\n<p>D\u2019autre part, M. Al Khateeb s\u2019est f\u00e9licit\u00e9 du d\u00e9roulement de la campagne de vaccination contre la Covid-19 au Maroc, soulignant que les progr\u00e8s r\u00e9alis\u00e9s au niveau \u00e9pid\u00e9miologique permettent au Royaume d\u2019accueillir les touristes \u00e9trangers.<\/p>\n<p>A noter que le ministre saoudien du Tourisme, en visite de travail dans le Royaume, a eu \u00e9galement des entretiens avec le ministre des Affaires \u00e9trang\u00e8res, de la Coop\u00e9ration africaine et des Marocains R\u00e9sidant \u00e0 l\u2019Etranger, Nasser Bourita.<\/p>\n<p>The post <a rel=\"nofollow\" href=\"http:\/\/www.mapmarrakech.ma\/fr\/prochaine-ag-de-lomt-a-marrakech-evenement-majeur\/\">Prochaine AG de l\u2019OMT \u00e0 Marrakech, \u00e9v\u00e9nement majeur<\/a> appeared first on <a rel=\"nofollow\" href=\"http:\/\/www.mapmarrakech.ma\/fr\">MapMarrakech<\/a>.<\/p>\n<\/div>\n<p>Auteur: Meriem IGASS<br \/>\n<a href=\"http:\/\/www.mapmarrakech.ma\/fr\/prochaine-ag-de-lomt-a-marrakech-evenement-majeur\/\">Cliquez ici pour lire l&rsquo;article depuis sa source.<\/a><\/p>\n","protected":false},"excerpt":{"rendered":"<p>Lors d\u2019une rencontre avec la ministre du Tourisme, de l\u2019Artisanat, du Transport a\u00e9rien et de l\u2019\u00c9conomie sociale, Nadia Fettah Alaoui, le ministre saoudien a affirm\u00e9 que son pays \u0153uvrera avec le Maroc pour assurer la r\u00e9ussite des travaux de cette Assembl\u00e9e g\u00e9n\u00e9rale, notant que cet \u00e9v\u00e9nement international abordera les d\u00e9fis et les perspectives de d\u00e9veloppement [&hellip;]<\/p>\n","protected":false},"author":1788,"featured_media":0,"comment_status":"closed","ping_status":"closed","sticky":false,"template":"","format":"standard","meta":{"fifu_image_url":"http:\/\/www.mapmarrakech.ma\/map\/uploads\/2021\/07\/saoudien-copier.jpg","fifu_image_alt":"Prochaine AG de l\u2019OMT \u00e0 Marrakech, \u00e9v\u00e9nement majeur","footnotes":""},"categories":[54,76],"tags":[],"class_list":["post-120062","post","type-post","status-publish","format-standard","hentry","category-maroc","category-regions"],"_links":{"self":[{"href":"https:\/\/linitiative.ca\/International\/wp-json\/wp\/v2\/posts\/120062","targetHints":{"allow":["GET"]}}],"collection":[{"href":"https:\/\/linitiative.ca\/International\/wp-json\/wp\/v2\/posts"}],"about":[{"href":"https:\/\/linitiative.ca\/International\/wp-json\/wp\/v2\/types\/post"}],"author":[{"embeddable":true,"href":"https:\/\/linitiative.ca\/International\/wp-json\/wp\/v2\/users\/1788"}],"replies":[{"embeddable":true,"href":"https:\/\/linitiative.ca\/International\/wp-json\/wp\/v2\/comments?post=120062"}],"version-history":[{"count":0,"href":"https:\/\/linitiative.ca\/International\/wp-json\/wp\/v2\/posts\/120062\/revisions"}],"wp:attachment":[{"href":"https:\/\/linitiative.ca\/International\/wp-json\/wp\/v2\/media?parent=120062"}],"wp:term":[{"taxonomy":"category","embeddable":true,"href":"https:\/\/linitiative.ca\/International\/wp-json\/wp\/v2\/categories?post=120062"},{"taxonomy":"post_tag","embeddable":true,"href":"https:\/\/linitiative.ca\/International\/wp-json\/wp\/v2\/tags?post=120062"}],"curies":[{"name":"wp","href":"https:\/\/api.w.org\/{rel}","templated":true}]}}