{"id":120064,"date":"2021-07-01T08:56:48","date_gmt":"2021-07-01T12:56:48","guid":{"rendered":"https:\/\/linitiative.ca\/International\/vague-de-chaleur-de-jeudi-a-mardi-dans-plusieurs-provinces-du-royaume\/"},"modified":"2021-07-01T08:56:48","modified_gmt":"2021-07-01T12:56:48","slug":"vague-de-chaleur-de-jeudi-a-mardi-dans-plusieurs-provinces-du-royaume","status":"publish","type":"post","link":"https:\/\/linitiative.ca\/International\/vague-de-chaleur-de-jeudi-a-mardi-dans-plusieurs-provinces-du-royaume\/","title":{"rendered":"Vague de chaleur de jeudi \u00e0 mardi dans plusieurs provinces du Royaume"},"content":{"rendered":"<div>\n<div style=\"margin-bottom:20px;\"><img loading=\"lazy\" decoding=\"async\" width=\"750\" height=\"430\" src=\"https:\/\/linitiative.ca\/International\/wp-content\/uploads\/sites\/23\/2021\/07\/Une-branche-de-vigne-luttant-pour-sa-part-de-soleil-C3A0-Tinghir-750C397430-MAP.jpg\" class=\"attachment-post-thumbnail size-post-thumbnail wp-post-image\" alt=\"\" srcset=\"https:\/\/linitiative.ca\/International\/wp-content\/uploads\/sites\/23\/2021\/07\/Une-branche-de-vigne-luttant-pour-sa-part-de-soleil-C3A0-Tinghir-750C397430-MAP.jpg 750w, http:\/\/www.mapoujda.ma\/map\/uploads\/2021\/06\/Une-branche-de-vigne-luttant-pour-sa-part-de-soleil-\u00e0-Tinghir-750\u00d7430-MAP-300x172.jpg 300w\" sizes=\"auto, (max-width: 750px) 100vw, 750px\"><\/div>\n<p style=\"text-align: justify;\">Une vague de chaleur est pr\u00e9vue de jeudi \u00e0 mardi dans plusieurs provinces du Royaume, a annonc\u00e9 jeudi la Direction g\u00e9n\u00e9rale de la m\u00e9t\u00e9orologie (DGM).<\/p>\n<p style=\"text-align: justify;\">Ainsi, des temp\u00e9ratures variant entre 39 et 42\u00b0C concerneront jeudi les provinces de Fquih Ben Salah, Kh\u00e9nifra, Khouribga et Settat, indique la DGM dans un bulletin d\u2019alerte m\u00e9t\u00e9orologique faisant \u00e9tat d\u2019un niveau de vigilance orange.<\/p>\n<p style=\"text-align: justify;\">De vendredi \u00e0 lundi, les provinces de Marrakech, Rehamna, El Keaa des Sraghna, B\u00e9ni Mellal, Boulemane, Fquih Ben Salah, Kh\u00e9nifra, Khouribga et Settat conna\u00eetront des temp\u00e9ratures variant entre 39 et 43 degr\u00e9s, ajoute la m\u00eame source.<\/p>\n<p style=\"text-align: justify;\">Alors que des temp\u00e9ratures oscillant entre 42 et 45 degr\u00e9s int\u00e9resseront de jeudi \u00e0 mardi les provinces d\u2019Assa-Zag, Errachidia, Figuig, Smara, Taroudant, Tata et Zagora, pr\u00e9cise la DGM.<\/p>\n<p>L\u2019article <a rel=\"nofollow\" href=\"http:\/\/www.mapoujda.ma\/fr\/vague-de-chaleur-de-jeudi-a-mardi-dans-plusieurs-provinces-du-royaume\/\">Vague de chaleur de jeudi \u00e0 mardi dans plusieurs provinces du Royaume<\/a> est apparu en premier sur <a rel=\"nofollow\" href=\"http:\/\/www.mapoujda.ma\/fr\">MapOujda<\/a>.<\/p>\n<\/div>\n<p>Auteur: Soufiane ELAHMAR<br \/>\n<a href=\"http:\/\/www.mapoujda.ma\/fr\/vague-de-chaleur-de-jeudi-a-mardi-dans-plusieurs-provinces-du-royaume\/\">Cliquez ici pour lire l&rsquo;article depuis sa source.<\/a><\/p>\n","protected":false},"excerpt":{"rendered":"<p>Une vague de chaleur est pr\u00e9vue de jeudi \u00e0 mardi dans plusieurs provinces du Royaume, a annonc\u00e9 jeudi la Direction g\u00e9n\u00e9rale de la m\u00e9t\u00e9orologie (DGM). Ainsi, des temp\u00e9ratures variant entre 39 et 42\u00b0C concerneront jeudi les provinces de Fquih Ben Salah, Kh\u00e9nifra, Khouribga et Settat, indique la DGM dans un bulletin d\u2019alerte m\u00e9t\u00e9orologique faisant \u00e9tat [&hellip;]<\/p>\n","protected":false},"author":1788,"featured_media":0,"comment_status":"closed","ping_status":"closed","sticky":false,"template":"","format":"standard","meta":{"fifu_image_url":"http:\/\/www.mapoujda.ma\/map\/uploads\/2021\/06\/Une-branche-de-vigne-luttant-pour-sa-part-de-soleil-\u00e0-Tinghir-750\u00d7430-MAP.jpg","fifu_image_alt":"Vague de chaleur de jeudi \u00e0 mardi dans plusieurs provinces du Royaume","footnotes":""},"categories":[54,76],"tags":[],"class_list":["post-120064","post","type-post","status-publish","format-standard","hentry","category-maroc","category-regions"],"_links":{"self":[{"href":"https:\/\/linitiative.ca\/International\/wp-json\/wp\/v2\/posts\/120064","targetHints":{"allow":["GET"]}}],"collection":[{"href":"https:\/\/linitiative.ca\/International\/wp-json\/wp\/v2\/posts"}],"about":[{"href":"https:\/\/linitiative.ca\/International\/wp-json\/wp\/v2\/types\/post"}],"author":[{"embeddable":true,"href":"https:\/\/linitiative.ca\/International\/wp-json\/wp\/v2\/users\/1788"}],"replies":[{"embeddable":true,"href":"https:\/\/linitiative.ca\/International\/wp-json\/wp\/v2\/comments?post=120064"}],"version-history":[{"count":0,"href":"https:\/\/linitiative.ca\/International\/wp-json\/wp\/v2\/posts\/120064\/revisions"}],"wp:attachment":[{"href":"https:\/\/linitiative.ca\/International\/wp-json\/wp\/v2\/media?parent=120064"}],"wp:term":[{"taxonomy":"category","embeddable":true,"href":"https:\/\/linitiative.ca\/International\/wp-json\/wp\/v2\/categories?post=120064"},{"taxonomy":"post_tag","embeddable":true,"href":"https:\/\/linitiative.ca\/International\/wp-json\/wp\/v2\/tags?post=120064"}],"curies":[{"name":"wp","href":"https:\/\/api.w.org\/{rel}","templated":true}]}}