{"id":120068,"date":"2021-07-01T09:59:09","date_gmt":"2021-07-01T13:59:09","guid":{"rendered":"https:\/\/linitiative.ca\/International\/covid-19-rechute-epidemiologique-tres-probable\/"},"modified":"2021-07-01T09:59:09","modified_gmt":"2021-07-01T13:59:09","slug":"covid-19-rechute-epidemiologique-tres-probable","status":"publish","type":"post","link":"https:\/\/linitiative.ca\/International\/covid-19-rechute-epidemiologique-tres-probable\/","title":{"rendered":"Covid-19: Rechute \u00e9pid\u00e9miologique \u00ab\u00a0tr\u00e8s probable\u00a0\u00bb"},"content":{"rendered":"<div>\n<div class=\"field field-name-body field-type-text-with-summary field-label-hidden\">\n<div class=\"field-items\">\n<div class=\"field-item even\" property=\"content:encoded\">\n<p class=\"rtejustify\">Des indicateurs inqui\u00e9tants laissent transparaitre une rechute \u00e9pid\u00e9miologique \u00ab\u00a0tr\u00e8s probable\u00a0\u00bb, \u00e0 cause du non-respect des mesures pr\u00e9ventives et des gestes barri\u00e8res pour lutter contre la propagation de la Covid-19, a affirm\u00e9 jeudi le coordonnateur du centre des op\u00e9rations d&rsquo;urgence au minist\u00e8re de la Sant\u00e9, Mouad Mrabet.<\/p>\n<\/div>\n<\/div>\n<\/div>\n<\/div>\n<p>Auteur: mbasraoui<br \/>\n<a href=\"https:\/\/www.leconomiste.com\/flash-infos\/covid-19-rechute-epidemiologique-tres-probable\">Cliquez ici pour lire l&rsquo;article depuis sa source.<\/a><\/p>\n","protected":false},"excerpt":{"rendered":"<p>Des indicateurs inqui\u00e9tants laissent transparaitre une rechute \u00e9pid\u00e9miologique \u00ab\u00a0tr\u00e8s probable\u00a0\u00bb, \u00e0 cause du non-respect des mesures pr\u00e9ventives et des gestes barri\u00e8res pour lutter contre la propagation de la Covid-19, a affirm\u00e9 jeudi le coordonnateur du centre des op\u00e9rations d&rsquo;urgence au minist\u00e8re de la Sant\u00e9, Mouad Mrabet. Auteur: mbasraoui Cliquez ici pour lire l&rsquo;article depuis sa [&hellip;]<\/p>\n","protected":false},"author":1763,"featured_media":0,"comment_status":"closed","ping_status":"closed","sticky":false,"template":"","format":"standard","meta":{"fifu_image_url":"","fifu_image_alt":"","footnotes":""},"categories":[78,54],"tags":[],"class_list":["post-120068","post","type-post","status-publish","format-standard","hentry","category-economie","category-maroc"],"_links":{"self":[{"href":"https:\/\/linitiative.ca\/International\/wp-json\/wp\/v2\/posts\/120068","targetHints":{"allow":["GET"]}}],"collection":[{"href":"https:\/\/linitiative.ca\/International\/wp-json\/wp\/v2\/posts"}],"about":[{"href":"https:\/\/linitiative.ca\/International\/wp-json\/wp\/v2\/types\/post"}],"author":[{"embeddable":true,"href":"https:\/\/linitiative.ca\/International\/wp-json\/wp\/v2\/users\/1763"}],"replies":[{"embeddable":true,"href":"https:\/\/linitiative.ca\/International\/wp-json\/wp\/v2\/comments?post=120068"}],"version-history":[{"count":0,"href":"https:\/\/linitiative.ca\/International\/wp-json\/wp\/v2\/posts\/120068\/revisions"}],"wp:attachment":[{"href":"https:\/\/linitiative.ca\/International\/wp-json\/wp\/v2\/media?parent=120068"}],"wp:term":[{"taxonomy":"category","embeddable":true,"href":"https:\/\/linitiative.ca\/International\/wp-json\/wp\/v2\/categories?post=120068"},{"taxonomy":"post_tag","embeddable":true,"href":"https:\/\/linitiative.ca\/International\/wp-json\/wp\/v2\/tags?post=120068"}],"curies":[{"name":"wp","href":"https:\/\/api.w.org\/{rel}","templated":true}]}}