{"id":120070,"date":"2021-07-01T11:16:15","date_gmt":"2021-07-01T15:16:15","guid":{"rendered":"https:\/\/linitiative.ca\/International\/hotellerie-radisson-etend-sa-presence-au-maroc\/"},"modified":"2021-07-01T11:16:15","modified_gmt":"2021-07-01T15:16:15","slug":"hotellerie-radisson-etend-sa-presence-au-maroc","status":"publish","type":"post","link":"https:\/\/linitiative.ca\/International\/hotellerie-radisson-etend-sa-presence-au-maroc\/","title":{"rendered":"H\u00f4tellerie: Radisson \u00e9tend sa pr\u00e9sence au Maroc"},"content":{"rendered":"<div>\n<div class=\"field field-name-body field-type-text-with-summary field-label-hidden\">\n<div class=\"field-items\">\n<div class=\"field-item even\" property=\"content:encoded\">\n<p class=\"rtejustify\">Radisson Hotel Group consolide son implantation au Maroc. Le Groupe a conclu un partenariat \u00ab\u00a0strat\u00e9gique\u00a0\u00bb avec Madaef portant sur la signature de sept unit\u00e9s h\u00f4teli\u00e8res, dont quatre ouvriront leurs portes d\u00e8s le mois de juillet 2021 \u00e0 Sa\u00efdia Resorts, Al Hoceima et Taghazout Bay.<\/p>\n<\/div>\n<\/div>\n<\/div>\n<\/div>\n<p>Auteur: mbasraoui<br \/>\n<a href=\"https:\/\/www.leconomiste.com\/flash-infos\/hotellerie-radisson-etend-sa-presence-au-maroc\">Cliquez ici pour lire l&rsquo;article depuis sa source.<\/a><\/p>\n","protected":false},"excerpt":{"rendered":"<p>Radisson Hotel Group consolide son implantation au Maroc. Le Groupe a conclu un partenariat \u00ab\u00a0strat\u00e9gique\u00a0\u00bb avec Madaef portant sur la signature de sept unit\u00e9s h\u00f4teli\u00e8res, dont quatre ouvriront leurs portes d\u00e8s le mois de juillet 2021 \u00e0 Sa\u00efdia Resorts, Al Hoceima et Taghazout Bay. Auteur: mbasraoui Cliquez ici pour lire l&rsquo;article depuis sa source.<\/p>\n","protected":false},"author":1763,"featured_media":0,"comment_status":"closed","ping_status":"closed","sticky":false,"template":"","format":"standard","meta":{"fifu_image_url":"","fifu_image_alt":"","footnotes":""},"categories":[78,54],"tags":[],"class_list":["post-120070","post","type-post","status-publish","format-standard","hentry","category-economie","category-maroc"],"_links":{"self":[{"href":"https:\/\/linitiative.ca\/International\/wp-json\/wp\/v2\/posts\/120070","targetHints":{"allow":["GET"]}}],"collection":[{"href":"https:\/\/linitiative.ca\/International\/wp-json\/wp\/v2\/posts"}],"about":[{"href":"https:\/\/linitiative.ca\/International\/wp-json\/wp\/v2\/types\/post"}],"author":[{"embeddable":true,"href":"https:\/\/linitiative.ca\/International\/wp-json\/wp\/v2\/users\/1763"}],"replies":[{"embeddable":true,"href":"https:\/\/linitiative.ca\/International\/wp-json\/wp\/v2\/comments?post=120070"}],"version-history":[{"count":0,"href":"https:\/\/linitiative.ca\/International\/wp-json\/wp\/v2\/posts\/120070\/revisions"}],"wp:attachment":[{"href":"https:\/\/linitiative.ca\/International\/wp-json\/wp\/v2\/media?parent=120070"}],"wp:term":[{"taxonomy":"category","embeddable":true,"href":"https:\/\/linitiative.ca\/International\/wp-json\/wp\/v2\/categories?post=120070"},{"taxonomy":"post_tag","embeddable":true,"href":"https:\/\/linitiative.ca\/International\/wp-json\/wp\/v2\/tags?post=120070"}],"curies":[{"name":"wp","href":"https:\/\/api.w.org\/{rel}","templated":true}]}}