{"id":120078,"date":"2021-07-01T05:48:25","date_gmt":"2021-07-01T09:48:25","guid":{"rendered":"https:\/\/linitiative.ca\/International\/kamel-chikhi-et-ses-coaccuses-renvoyes-devant-le-tribunal-criminel\/"},"modified":"2021-07-01T05:48:25","modified_gmt":"2021-07-01T09:48:25","slug":"kamel-chikhi-et-ses-coaccuses-renvoyes-devant-le-tribunal-criminel","status":"publish","type":"post","link":"https:\/\/linitiative.ca\/International\/kamel-chikhi-et-ses-coaccuses-renvoyes-devant-le-tribunal-criminel\/","title":{"rendered":"Kamel Chikhi et ses coaccus\u00e9s renvoy\u00e9s devant le tribunal criminel"},"content":{"rendered":"<div>\n<div class=\"sriret\"><img loading=\"lazy\" decoding=\"async\" width=\"1200\" height=\"675\" src=\"https:\/\/linitiative.ca\/International\/wp-content\/uploads\/sites\/23\/2021\/07\/CHIKHI.gif\" class=\"attachment-featured_large size-featured_large wp-post-image\" alt=\"\" style=\"margin-bottom: 15px;\"><\/div>\n<p class=\"p3\"><span class=\"s1\"><b>La chambre d\u2019accusation pr\u00e8s la cour d\u2019Alger a renvoy\u00e9, hier, l\u2019affaire des 701 kg de coca\u00efne devant le tribunal criminel, validant ainsi les conclusions du juge d\u2019instruction et la demande du parquet g\u00e9n\u00e9ral. Une d\u00e9cision que la d\u00e9fense ne compte pas contester aupr\u00e8s de la Cour supr\u00eame. Le proc\u00e8s aura lieu la prochaine session criminelle, pr\u00e9vue au mois de septembre de l\u2019ann\u00e9e en cours.<\/b><\/span><\/p>\n<p class=\"p3\"><span class=\"s1\"><b>K<\/b><\/span><span class=\"s1\">amel Chikhi, le magnat de l\u2019immobilier et importateur de la viande rouge, ainsi que ses cinq coaccus\u00e9s dans l\u2019affaire des 701\u00a0kg de coca\u00efne sont renvoy\u00e9s devant le tribunal criminel. La d\u00e9cision a \u00e9t\u00e9 rendue hier par la chambre d\u2019accusation pr\u00e8s la cour d\u2019Alger, apr\u00e8s examen du rapport du juge d\u2019instruction de la 2<sup>e<\/sup> chambre du p\u00f4le p\u00e9nal sp\u00e9cialis\u00e9 pr\u00e8s le tribunal de Sidi M\u2019hamed, apr\u00e8s trois ans d\u2019enqu\u00eate judiciaire.<\/span><\/p>\n<p class=\"p6\"><span class=\"s1\">Les magistrats ont valid\u00e9 les conclusions de l\u2019instruction en vertu de laquelle Kamel Chikhi, plus connu sous le nom du \u00abBoucher\u00bb, ses deux fr\u00e8res, un de ses associ\u00e9s, son directeur commercial et un de ses agents exer\u00e7ant au port d\u2019Oran sont accus\u00e9s de \u00abconstitution d\u2019une organisation criminelle dans le but d\u2019importer, de commercialiser et de distribuer de la drogue\u00bb, et de \u00abblanchiment d\u2019argent\u00bb, de ce fait, ils doivent \u00eatre traduits devant le tribunal criminel pour r\u00e9pondre de ces actes. <\/span><\/p>\n<p class=\"p7\"><strong><span class=\"s1\">\u00abAller vers un compl\u00e9ment d\u2019information\u00bb<\/span><\/strong><\/p>\n<p class=\"p6\"><span class=\"s1\">Pour la d\u00e9fense, <i>\u00abil n\u2019y a pas lieu de faire un pourvoi en cassation aupr\u00e8s de la Cour supr\u00eame et prolonger davantage la d\u00e9tention des six accus\u00e9s. Nous nous contentons de cette d\u00e9cision, qui permettra \u00e0 nos mandants d\u2019aller vers un proc\u00e8s et de se d\u00e9fendre devant le tribunal. Nous nous attendions \u00e0 un tel renvoi. Le juge d\u2019instruction n\u2019a fait aucun acte de proc\u00e9dure durant 18 mois. Ce qui veut dire qu\u2019il n\u2019y avait plus rien \u00e0 ajouter. Aller<\/i> <i>vers un compl\u00e9ment d\u2019information, ce que certains de nos confr\u00e8res craignaient, n\u2019avait pas de sens. La d\u00e9cision de renvoyer l\u2019affaire devant le tribunal \u00e9tait pr\u00e9visible\u00bb<\/i>, nous d\u00e9clare un membre du collectif de la d\u00e9fense.<\/span><\/p>\n<p class=\"p6\"><span class=\"s1\">Cela suppose que le proc\u00e8s de Kamel Chikhi et ses coaccus\u00e9s aura lieu lors de la prochaine session criminelle pr\u00e9vue \u00e0 la rentr\u00e9e sociale, au mois de septembre. Cette affaire, faut-il rappeler, a \u00e9clat\u00e9 le 26 mai 2018, apr\u00e8s la d\u00e9couverte, par les gardes-c\u00f4tes, de 701 kg de cette drogue pure \u00e0 bord du navire <i>MC Vega Mercury<\/i>, en rade au port d\u2019Oran, et dissimul\u00e9e dans de la marchandise (de la viande en attente de d\u00e9barquement), import\u00e9e du Br\u00e9sil par les soci\u00e9t\u00e9s de Kamel Chikhi.<\/span><\/p>\n<p class=\"p6\"><span class=\"s1\">Arr\u00eat\u00e9, ce dernier a sur le dos plusieurs affaires de corruption dans lesquelles il a \u00e9t\u00e9 condamn\u00e9. Elles concernent ses activit\u00e9s immobili\u00e8res et dans lesquelles de nombreux fonctionnaires des domaines, du cadastre, du foncier, de l\u2019administration locale, de la police, mais aussi des magistrats et des grad\u00e9s de l\u2019arm\u00e9e ont \u00e9t\u00e9 cit\u00e9s avant d\u2019\u00eatre jug\u00e9s et condamn\u00e9s \u00e0 des peines de prison, pour \u00aboctroi d\u2019indus avantages\u00bb, \u00abperception d\u2019indus cadeaux\u00bb, \u00ababus de fonction\u00bb et \u00abdilapidation de deniers publics\u00bb.<\/span><\/p>\n<p class=\"p6\"><span class=\"s1\">Entre-temps, l\u2019enqu\u00eate sur les circonstances de la pr\u00e9sence de 701 kg de coca\u00efne contenus dans des bo\u00eetes en carton, les m\u00eames que celles de la viande, l\u2019origine, les propri\u00e9taires et surtout la destination, a pris pr\u00e8s de trois ans, au cours desquels le juge n\u2019a pu apporter de r\u00e9ponses. L\u2019\u00e9nigme autour de cette affaire reste enti\u00e8re et il est peu probable qu\u2019elle soit perc\u00e9e lors du proc\u00e8s qui se tiendra lors de la prochaine session criminelle.<span class=\"Apple-converted-space\">\u00a0 <\/span><\/span><\/p>\n<p>L\u2019article <a rel=\"nofollow\" href=\"https:\/\/www.elwatan.com\/edition\/actualite\/kamel-chikhi-et-ses-coaccuses-renvoyes-devant-le-tribunal-criminel-01-07-2021\">Kamel Chikhi et ses coaccus\u00e9s renvoy\u00e9s devant le tribunal criminel<\/a> est apparu en premier sur <a rel=\"nofollow\" href=\"https:\/\/www.elwatan.com\/\">El Watan<\/a>.<\/p>\n<\/div>\n<p>Auteur: Anis Khecheba<br \/>\n<a href=\"https:\/\/www.elwatan.com\/edition\/actualite\/kamel-chikhi-et-ses-coaccuses-renvoyes-devant-le-tribunal-criminel-01-07-2021\">Cliquez ici pour lire l&rsquo;article depuis sa source.<\/a><\/p>\n","protected":false},"excerpt":{"rendered":"<p>La chambre d\u2019accusation pr\u00e8s la cour d\u2019Alger a renvoy\u00e9, hier, l\u2019affaire des 701 kg de coca\u00efne devant le tribunal criminel, validant ainsi les conclusions du juge d\u2019instruction et la demande du parquet g\u00e9n\u00e9ral. Une d\u00e9cision que la d\u00e9fense ne compte pas contester aupr\u00e8s de la Cour supr\u00eame. Le proc\u00e8s aura lieu la prochaine session criminelle, [&hellip;]<\/p>\n","protected":false},"author":1743,"featured_media":0,"comment_status":"closed","ping_status":"closed","sticky":false,"template":"","format":"standard","meta":{"fifu_image_url":"https:\/\/www.elwatan.com\/wp-content\/uploads\/2021\/06\/CHIKHI.gif","fifu_image_alt":"Kamel Chikhi et ses coaccus\u00e9s renvoy\u00e9s devant le tribunal criminel","footnotes":""},"categories":[73,53],"tags":[],"class_list":["post-120078","post","type-post","status-publish","format-standard","hentry","category-actualite","category-algerie"],"_links":{"self":[{"href":"https:\/\/linitiative.ca\/International\/wp-json\/wp\/v2\/posts\/120078","targetHints":{"allow":["GET"]}}],"collection":[{"href":"https:\/\/linitiative.ca\/International\/wp-json\/wp\/v2\/posts"}],"about":[{"href":"https:\/\/linitiative.ca\/International\/wp-json\/wp\/v2\/types\/post"}],"author":[{"embeddable":true,"href":"https:\/\/linitiative.ca\/International\/wp-json\/wp\/v2\/users\/1743"}],"replies":[{"embeddable":true,"href":"https:\/\/linitiative.ca\/International\/wp-json\/wp\/v2\/comments?post=120078"}],"version-history":[{"count":0,"href":"https:\/\/linitiative.ca\/International\/wp-json\/wp\/v2\/posts\/120078\/revisions"}],"wp:attachment":[{"href":"https:\/\/linitiative.ca\/International\/wp-json\/wp\/v2\/media?parent=120078"}],"wp:term":[{"taxonomy":"category","embeddable":true,"href":"https:\/\/linitiative.ca\/International\/wp-json\/wp\/v2\/categories?post=120078"},{"taxonomy":"post_tag","embeddable":true,"href":"https:\/\/linitiative.ca\/International\/wp-json\/wp\/v2\/tags?post=120078"}],"curies":[{"name":"wp","href":"https:\/\/api.w.org\/{rel}","templated":true}]}}