{"id":120080,"date":"2021-07-01T05:50:03","date_gmt":"2021-07-01T09:50:03","guid":{"rendered":"https:\/\/linitiative.ca\/International\/aymen-benabderrahmane-succede-a-djerad-un-technocrate-a-la-tete-du-gouvernement\/"},"modified":"2021-07-01T05:50:03","modified_gmt":"2021-07-01T09:50:03","slug":"aymen-benabderrahmane-succede-a-djerad-un-technocrate-a-la-tete-du-gouvernement","status":"publish","type":"post","link":"https:\/\/linitiative.ca\/International\/aymen-benabderrahmane-succede-a-djerad-un-technocrate-a-la-tete-du-gouvernement\/","title":{"rendered":"Aymen Benabderrahmane succ\u00e8de \u00e0 Djerad : Un technocrate \u00e0 la t\u00eate du gouvernement"},"content":{"rendered":"<div>\n<div class=\"sriret\"><img loading=\"lazy\" decoding=\"async\" width=\"1080\" height=\"492\" src=\"https:\/\/linitiative.ca\/International\/wp-content\/uploads\/sites\/23\/2021\/07\/UNEEEEE-1.gif\" class=\"attachment-featured_large size-featured_large wp-post-image\" alt=\"\" style=\"margin-bottom: 15px;\"><\/div>\n<p class=\"p1\"><em><span class=\"s1\"><b>Le nouveau Premier ministre, Aymen Benabderrahmane, a mis en avant, lors de sa premi\u00e8re d\u00e9claration publique, sa d\u00e9termination \u00e0 mettre en \u0153uvre le programme du pr\u00e9sident de la R\u00e9publique.\u00a0<\/b><\/span><span class=\"s1\"><b>Le pr\u00e9sident Tebboune a charg\u00e9 hier le nouveau Premier ministre de poursuivre les consultations avec les partis politiques et la soci\u00e9t\u00e9 civile pour la formation du gouvernement dans les meilleurs d\u00e9lais.<\/b><\/span><\/em><\/p>\n<p class=\"p1\"><span class=\"s1\">L\u2019ancien gouverneur de la Banque d\u2019Alg\u00e9rie aura ainsi comme premi\u00e8re mission d\u2019aller \u00e0 la rencontre des chefs de parti politique et d\u2019organisation de la soci\u00e9t\u00e9 civile en vue de la constitution de \u00abson\u00bb gouvernement.<\/span><\/p>\n<p class=\"p3\"><span class=\"s1\"><b>C<\/b><\/span><span class=\"s1\">\u2019est le d\u00e9sormais ex-ministre des Finances, Aymen Benabderrahmane, qui a \u00e9t\u00e9 nomm\u00e9 Premier ministre. L\u2019annonce a \u00e9t\u00e9 faite hier par la pr\u00e9sidence de la R\u00e9publique, qui a indiqu\u00e9 que celui-ci a \u00e9t\u00e9 charg\u00e9 de <i>\u00abpoursuivre les consultations avec les partis politiques et la soci\u00e9t\u00e9 civile pour la formation du gouvernement dans les meilleurs d\u00e9lais\u00bb<\/i>. C\u2019est donc un technocrate, non affili\u00e9 \u00e0 un parti politique, ayant fait sa carri\u00e8re dans le secteur financier qui a remplac\u00e9 Abdelaziz Djerad.<\/span><\/p>\n<p class=\"p4\"><span class=\"s1\">L\u2019ancien gouverneur de la Banque d\u2019Alg\u00e9rie aura ainsi comme premi\u00e8re mission d\u2019aller \u00e0 la rencontre des chefs de parti<span class=\"Apple-converted-space\">\u00a0 <\/span>politique et d\u2019organisation de la soci\u00e9t\u00e9 civile en vue de la constitution de \u00abson\u00bb gouvernement. Des consultations entam\u00e9es par le chef de l\u2019Etat le samedi 26 juin, qui en l\u2019espace de trois jours,\u00a0a re\u00e7u cinq chefs de parti politique et des repr\u00e9sentants des \u00abind\u00e9pendants\u00bb.<\/span><\/p>\n<p class=\"p4\"><span class=\"s1\">Le choix de Aymen Benabderrahmane est-il le r\u00e9sultat de ces discussions\u00a0? Le profil a-t-il \u00e9t\u00e9 \u00e9voqu\u00e9 avec le personnel politique consult\u00e9\u00a0? Les \u00abinvit\u00e9s\u00bb de Tebboune n\u2019ont rien laiss\u00e9 para\u00eetre allant dans ce sens.<\/span><\/p>\n<p class=\"p4\"><span class=\"s1\">Dans le communiqu\u00e9 annon\u00e7ant cette nomination, la Pr\u00e9sidence a utilis\u00e9 le vocable de <i>\u00abPremier ministre\u00bb<\/i> et non <i>\u00abchef de gouvernement\u00bb<\/i>. Un <i>\u00abPremier ministre\u00bb<\/i> qui se chargera de l\u2019ex\u00e9cution du <i>\u00abprogramme du Pr\u00e9sident\u00bb<\/i>. Ce qui sous-entend qu\u2019il existe \u00e0 la nouvelle APN une majorit\u00e9 pr\u00e9sidentielle. Bien entendu, il ne faisait aucun doute que le pr\u00e9sident de la R\u00e9publique obtienne cette majorit\u00e9.<\/span><\/p>\n<p class=\"p4\"><span class=\"s1\">En plus des partis politiques qui soutiennent habituellement les pouvoirs successifs, beaucoup d\u2019\u00abind\u00e9pendants\u00bb ont commenc\u00e9 \u00e0 exprimer leur soutien au \u00abprogramme du Pr\u00e9sident\u00bb.<\/span><\/p>\n<p class=\"p4\"><span class=\"s1\">Seul le Mouvement de la soci\u00e9t\u00e9 pour la paix (MSP) a d\u00e9cid\u00e9 de ne pas prendre part \u00e0 ce futur gouvernement, ceci parce que, comme expliqu\u00e9 hier par son chef, Abderrazak Makri, ce qui a \u00e9t\u00e9 propos\u00e9 \u00e0 cette formation politique, en termes de nombre et de nature de minist\u00e8res donc, \u00e9tait en de\u00e7\u00e0 de ses attentes. Il est fort \u00e0 parier donc que le nouveau Premier ministre va puiser, en partie, la composante de son \u00e9quipe chez les autres partis qui sont arriv\u00e9s en t\u00eate des l\u00e9gislatives du 12 juin, en l\u2019occurrence le FLN, le RND, El\u00a0Bina, El Moustakbel ainsi que les ind\u00e9pendants. <\/span><\/p>\n<p class=\"p4\"><span class=\"s1\">Quelle marge de man\u0153uvre aura Aymen Benabderrahmane dans un contexte particulier, marqu\u00e9 particuli\u00e8rement par une d\u00e9fiance populaire sans pr\u00e9c\u00e9dant lors des deux derni\u00e8res \u00e9lections, le r\u00e9f\u00e9rendum sur la Constitution et les l\u00e9gislatives, et alors que les probl\u00e8mes, sur le plan socio\u00e9conomique, s\u2019accumule\u00a0?<\/span><\/p>\n<p class=\"p4\"><span class=\"s1\">Ayant fait l\u2019ensemble de sa carri\u00e8re dans le secteur financier, celui-ci a connu, ces deux derni\u00e8res ann\u00e9es, une ascension fulgurante. Nomm\u00e9 dans un premier temps \u00e0 la t\u00eate de la Banque d\u2019Alg\u00e9rie, par le chef de l\u2019Etat<span class=\"Apple-converted-space\">\u00a0 <\/span>Abdelkader Bensalah, en novembre 2019, Benabderrahmane a \u00e9t\u00e9 \u00abpromu\u00bb ministre des Finances moins d\u2019une ann\u00e9e plus tard (le 23 juin 2020).<\/span><\/p>\n<p class=\"p4\"><span class=\"s1\">Et une ann\u00e9e apr\u00e8s, il devient Premier ministre. Celui-ci fera donc face \u00e0 des d\u00e9fis des plus complexes. Mais avant toute chose, il sera attendu, dans les jours \u00e0 venir, sur la composition de son Ex\u00e9cutif qui d\u00e9coulera des <i>\u00abconsultations\u00bb <\/i>qu\u2019il poursuivra avec <i>\u00ables partis politiques et la soci\u00e9t\u00e9 civile\u00bb<\/i>.\u00a0<\/span><\/p>\n<p>L\u2019article <a rel=\"nofollow\" href=\"https:\/\/www.elwatan.com\/a-la-une\/un-technocrate-a-la-tete-du-gouvernement-01-07-2021\">Aymen Benabderrahmane succ\u00e8de \u00e0 Djerad : Un technocrate \u00e0 la t\u00eate du gouvernement<\/a> est apparu en premier sur <a rel=\"nofollow\" href=\"https:\/\/www.elwatan.com\/\">El Watan<\/a>.<\/p>\n<\/div>\n<p>Auteur: Anis Khecheba<br \/>\n<a href=\"https:\/\/www.elwatan.com\/a-la-une\/un-technocrate-a-la-tete-du-gouvernement-01-07-2021\">Cliquez ici pour lire l&rsquo;article depuis sa source.<\/a><\/p>\n","protected":false},"excerpt":{"rendered":"<p>Le nouveau Premier ministre, Aymen Benabderrahmane, a mis en avant, lors de sa premi\u00e8re d\u00e9claration publique, sa d\u00e9termination \u00e0 mettre en \u0153uvre le programme du pr\u00e9sident de la R\u00e9publique.\u00a0Le pr\u00e9sident Tebboune a charg\u00e9 hier le nouveau Premier ministre de poursuivre les consultations avec les partis politiques et la soci\u00e9t\u00e9 civile pour la formation du gouvernement [&hellip;]<\/p>\n","protected":false},"author":1743,"featured_media":0,"comment_status":"closed","ping_status":"closed","sticky":false,"template":"","format":"standard","meta":{"fifu_image_url":"https:\/\/www.elwatan.com\/wp-content\/uploads\/2021\/06\/UNEEEEE-1.gif","fifu_image_alt":"Aymen Benabderrahmane succ\u00e8de \u00e0 Djerad : Un technocrate \u00e0 la t\u00eate du gouvernement","footnotes":""},"categories":[73,53],"tags":[],"class_list":["post-120080","post","type-post","status-publish","format-standard","hentry","category-actualite","category-algerie"],"_links":{"self":[{"href":"https:\/\/linitiative.ca\/International\/wp-json\/wp\/v2\/posts\/120080","targetHints":{"allow":["GET"]}}],"collection":[{"href":"https:\/\/linitiative.ca\/International\/wp-json\/wp\/v2\/posts"}],"about":[{"href":"https:\/\/linitiative.ca\/International\/wp-json\/wp\/v2\/types\/post"}],"author":[{"embeddable":true,"href":"https:\/\/linitiative.ca\/International\/wp-json\/wp\/v2\/users\/1743"}],"replies":[{"embeddable":true,"href":"https:\/\/linitiative.ca\/International\/wp-json\/wp\/v2\/comments?post=120080"}],"version-history":[{"count":0,"href":"https:\/\/linitiative.ca\/International\/wp-json\/wp\/v2\/posts\/120080\/revisions"}],"wp:attachment":[{"href":"https:\/\/linitiative.ca\/International\/wp-json\/wp\/v2\/media?parent=120080"}],"wp:term":[{"taxonomy":"category","embeddable":true,"href":"https:\/\/linitiative.ca\/International\/wp-json\/wp\/v2\/categories?post=120080"},{"taxonomy":"post_tag","embeddable":true,"href":"https:\/\/linitiative.ca\/International\/wp-json\/wp\/v2\/tags?post=120080"}],"curies":[{"name":"wp","href":"https:\/\/api.w.org\/{rel}","templated":true}]}}