{"id":120082,"date":"2021-07-01T08:34:31","date_gmt":"2021-07-01T12:34:31","guid":{"rendered":"https:\/\/linitiative.ca\/International\/communique-du-quotidien-el-watan\/"},"modified":"2021-07-01T08:34:31","modified_gmt":"2021-07-01T12:34:31","slug":"communique-du-quotidien-el-watan","status":"publish","type":"post","link":"https:\/\/linitiative.ca\/International\/communique-du-quotidien-el-watan\/","title":{"rendered":"Communiqu\u00e9 du Quotidien El Watan"},"content":{"rendered":"<div>\n<div class=\"sriret\"><img decoding=\"async\" src=\"https:\/\/linitiative.ca\/International\/wp-content\/uploads\/sites\/23\/2021\/07\/default-picture-709x366_c.jpg\"><\/div>\n<p>A l\u2019issue de l\u2019assembl\u00e9e g\u00e9n\u00e9rale ordinaire de la SPA El Watan tenue jeudi 1er juillet 2021, le conseil d\u2019administration a proc\u00e9d\u00e9 \u00e0 l\u2019\u00e9lection d\u2019un nouveau PDG en la personne de Mr Mohamed Tahar Messaoudi. Cette \u00e9lection fait suite \u00e0 la d\u00e9mission de Mr Tayeb Belghiche en poste depuis deux ans.<\/p>\n<p>L\u2019assembl\u00e9e g\u00e9n\u00e9rale des actionnaires de la SPA El Watan a eu \u00e0 d\u00e9battre de la grave crise financi\u00e8re que traverse l\u2019entreprise suite au blocage par les pouvoirs publics du contrat publicitaire entre l\u2019agence nationale d\u2019\u00e9dition et de publicit\u00e9 (ANEP) et El Watan et \u00e0 leur volont\u00e9 d\u00e9lib\u00e9r\u00e9e d\u2019asphyxier le journal en raison de sa ligne \u00e9ditoriale.<\/p>\n<p>L\u2019article <a rel=\"nofollow\" href=\"https:\/\/www.elwatan.com\/edition\/actualite\/communique-du-quotidien-el-watan-6-01-07-2021\">Communiqu\u00e9 du Quotidien El Watan<\/a> est apparu en premier sur <a rel=\"nofollow\" href=\"https:\/\/www.elwatan.com\/\">El Watan<\/a>.<\/p>\n<\/div>\n<p>Auteur: Mohand Yahiaoui<br \/>\n<a href=\"https:\/\/www.elwatan.com\/edition\/actualite\/communique-du-quotidien-el-watan-6-01-07-2021\">Cliquez ici pour lire l&rsquo;article depuis sa source.<\/a><\/p>\n","protected":false},"excerpt":{"rendered":"<p>A l\u2019issue de l\u2019assembl\u00e9e g\u00e9n\u00e9rale ordinaire de la SPA El Watan tenue jeudi 1er juillet 2021, le conseil d\u2019administration a proc\u00e9d\u00e9 \u00e0 l\u2019\u00e9lection d\u2019un nouveau PDG en la personne de Mr Mohamed Tahar Messaoudi. Cette \u00e9lection fait suite \u00e0 la d\u00e9mission de Mr Tayeb Belghiche en poste depuis deux ans. L\u2019assembl\u00e9e g\u00e9n\u00e9rale des actionnaires de [&hellip;]<\/p>\n","protected":false},"author":1743,"featured_media":0,"comment_status":"closed","ping_status":"closed","sticky":false,"template":"","format":"standard","meta":{"fifu_image_url":"https:\/\/www.elwatan.com\/wp-content\/themes\/spectr\/img\/default-picture-709x366_c.jpg","fifu_image_alt":"Communiqu\u00e9 du Quotidien El Watan","footnotes":""},"categories":[73,53],"tags":[],"class_list":["post-120082","post","type-post","status-publish","format-standard","hentry","category-actualite","category-algerie"],"_links":{"self":[{"href":"https:\/\/linitiative.ca\/International\/wp-json\/wp\/v2\/posts\/120082","targetHints":{"allow":["GET"]}}],"collection":[{"href":"https:\/\/linitiative.ca\/International\/wp-json\/wp\/v2\/posts"}],"about":[{"href":"https:\/\/linitiative.ca\/International\/wp-json\/wp\/v2\/types\/post"}],"author":[{"embeddable":true,"href":"https:\/\/linitiative.ca\/International\/wp-json\/wp\/v2\/users\/1743"}],"replies":[{"embeddable":true,"href":"https:\/\/linitiative.ca\/International\/wp-json\/wp\/v2\/comments?post=120082"}],"version-history":[{"count":0,"href":"https:\/\/linitiative.ca\/International\/wp-json\/wp\/v2\/posts\/120082\/revisions"}],"wp:attachment":[{"href":"https:\/\/linitiative.ca\/International\/wp-json\/wp\/v2\/media?parent=120082"}],"wp:term":[{"taxonomy":"category","embeddable":true,"href":"https:\/\/linitiative.ca\/International\/wp-json\/wp\/v2\/categories?post=120082"},{"taxonomy":"post_tag","embeddable":true,"href":"https:\/\/linitiative.ca\/International\/wp-json\/wp\/v2\/tags?post=120082"}],"curies":[{"name":"wp","href":"https:\/\/api.w.org\/{rel}","templated":true}]}}