{"id":120089,"date":"2021-07-01T12:06:35","date_gmt":"2021-07-01T16:06:35","guid":{"rendered":"https:\/\/linitiative.ca\/International\/le-coordinateur-du-mds-fethi-ghares-place-sous-mandat-de-depot\/"},"modified":"2021-07-01T12:06:35","modified_gmt":"2021-07-01T16:06:35","slug":"le-coordinateur-du-mds-fethi-ghares-place-sous-mandat-de-depot","status":"publish","type":"post","link":"https:\/\/linitiative.ca\/International\/le-coordinateur-du-mds-fethi-ghares-place-sous-mandat-de-depot\/","title":{"rendered":"Le coordinateur du MDS, Fethi Ghares, plac\u00e9 sous mandat de d\u00e9p\u00f4t\u00a0"},"content":{"rendered":"<div>\n<div class=\"sriret\"><img loading=\"lazy\" decoding=\"async\" width=\"558\" height=\"365\" src=\"https:\/\/linitiative.ca\/International\/wp-content\/uploads\/sites\/23\/2021\/07\/received_979230019544374-1-e1625089872870.jpeg\" class=\"attachment-featured_large size-featured_large wp-post-image\" alt=\"\" style=\"margin-bottom: 15px;\" srcset=\"https:\/\/linitiative.ca\/International\/wp-content\/uploads\/sites\/23\/2021\/07\/received_979230019544374-1-e1625089872870.jpeg 558w, https:\/\/www.elwatan.com\/wp-content\/uploads\/2021\/06\/received_979230019544374-1-e1625089872870-300x196.jpeg 300w\" sizes=\"auto, (max-width: 558px) 100vw, 558px\"><\/div>\n<p>Le coordinateur du Mouvement d\u00e9mocratique et social (MDS), Fethi Ghares, a \u00e9t\u00e9 plac\u00e9 aujourd\u2019hui, jeudi 1er juillet, sous mandat de d\u00e9p\u00f4t par le tribunal de Hammamet (Bab El Oued).<\/p>\n<p>En garde \u00e0 vue depuis hier, en fin de journ\u00e9e, celui-ci avait \u00e9t\u00e9 pr\u00e9sent\u00e9 aujourd\u2019hui devant le procureur du m\u00eame tribunal qui a transmis son dossier devant le juge d\u2019instruction.<\/p>\n<p>Selon certains avocats, celui est poursuivi pour entre autre \u00ab\u00a0publication pouvant porter atteinte \u00e0 l\u2019int\u00e9r\u00eat national\u00a0\u00bb, \u00ab\u00a0publication pouvant porter atteinte \u00e0 l\u2019unit\u00e9 nationale\u00a0\u00bb, \u00ab\u00a0outrage \u00e0 un corps constitu\u00e9\u00a0\u00bb et \u00ab\u00a0atteinte au Pr\u00e9sident\u00a0\u00bb.<\/p>\n<p>Ghares avait \u00e9t\u00e9 arr\u00eat\u00e9 chez lui mercredi en fin de journ\u00e9e. Son domicile avait \u00e9galement \u00e9t\u00e9 perquisitionn\u00e9.<\/p>\n<p>Son arrestation a \u00e9t\u00e9 d\u00e9nonc\u00e9e par beaucoup de partis de l\u2019opposition et des organisations de d\u00e9fense des droits de l\u2019homme.<\/p>\n<p>L\u2019article <a rel=\"nofollow\" href=\"https:\/\/www.elwatan.com\/edition\/actualite\/le-coordinateur-du-mds-fethi-ghares-place-sous-mandat-de-depot-01-07-2021\">Le coordinateur du MDS, Fethi Ghares, plac\u00e9 sous mandat de d\u00e9p\u00f4t\u00a0<\/a> est apparu en premier sur <a rel=\"nofollow\" href=\"https:\/\/www.elwatan.com\/\">El Watan<\/a>.<\/p>\n<\/div>\n<p>Auteur: Mohand Yahiaoui<br \/>\n<a href=\"https:\/\/www.elwatan.com\/edition\/actualite\/le-coordinateur-du-mds-fethi-ghares-place-sous-mandat-de-depot-01-07-2021\">Cliquez ici pour lire l&rsquo;article depuis sa source.<\/a><\/p>\n","protected":false},"excerpt":{"rendered":"<p>Le coordinateur du Mouvement d\u00e9mocratique et social (MDS), Fethi Ghares, a \u00e9t\u00e9 plac\u00e9 aujourd\u2019hui, jeudi 1er juillet, sous mandat de d\u00e9p\u00f4t par le tribunal de Hammamet (Bab El Oued). En garde \u00e0 vue depuis hier, en fin de journ\u00e9e, celui-ci avait \u00e9t\u00e9 pr\u00e9sent\u00e9 aujourd\u2019hui devant le procureur du m\u00eame tribunal qui a transmis son dossier [&hellip;]<\/p>\n","protected":false},"author":1743,"featured_media":0,"comment_status":"closed","ping_status":"closed","sticky":false,"template":"","format":"standard","meta":{"fifu_image_url":"https:\/\/www.elwatan.com\/wp-content\/uploads\/2021\/06\/received_979230019544374-1-e1625089872870.jpeg","fifu_image_alt":"Le coordinateur du MDS, Fethi Ghares, plac\u00e9 sous mandat de d\u00e9p\u00f4t\u00a0","footnotes":""},"categories":[73,53],"tags":[],"class_list":["post-120089","post","type-post","status-publish","format-standard","hentry","category-actualite","category-algerie"],"_links":{"self":[{"href":"https:\/\/linitiative.ca\/International\/wp-json\/wp\/v2\/posts\/120089","targetHints":{"allow":["GET"]}}],"collection":[{"href":"https:\/\/linitiative.ca\/International\/wp-json\/wp\/v2\/posts"}],"about":[{"href":"https:\/\/linitiative.ca\/International\/wp-json\/wp\/v2\/types\/post"}],"author":[{"embeddable":true,"href":"https:\/\/linitiative.ca\/International\/wp-json\/wp\/v2\/users\/1743"}],"replies":[{"embeddable":true,"href":"https:\/\/linitiative.ca\/International\/wp-json\/wp\/v2\/comments?post=120089"}],"version-history":[{"count":0,"href":"https:\/\/linitiative.ca\/International\/wp-json\/wp\/v2\/posts\/120089\/revisions"}],"wp:attachment":[{"href":"https:\/\/linitiative.ca\/International\/wp-json\/wp\/v2\/media?parent=120089"}],"wp:term":[{"taxonomy":"category","embeddable":true,"href":"https:\/\/linitiative.ca\/International\/wp-json\/wp\/v2\/categories?post=120089"},{"taxonomy":"post_tag","embeddable":true,"href":"https:\/\/linitiative.ca\/International\/wp-json\/wp\/v2\/tags?post=120089"}],"curies":[{"name":"wp","href":"https:\/\/api.w.org\/{rel}","templated":true}]}}