{"id":120095,"date":"2021-07-01T06:49:00","date_gmt":"2021-07-01T10:49:00","guid":{"rendered":"https:\/\/linitiative.ca\/International\/loi-de-finance-complementaire-demande-au-fmi-la-mer-oubliee-et-lhegominie-dennahdha-selon-abbou-au-sommaire-de-leaders-magazine-de-ce-mois\/"},"modified":"2021-07-01T06:49:00","modified_gmt":"2021-07-01T10:49:00","slug":"loi-de-finance-complementaire-demande-au-fmi-la-mer-oubliee-et-lhegominie-dennahdha-selon-abbou-au-sommaire-de-leaders-magazine-de-ce-mois","status":"publish","type":"post","link":"https:\/\/linitiative.ca\/International\/loi-de-finance-complementaire-demande-au-fmi-la-mer-oubliee-et-lhegominie-dennahdha-selon-abbou-au-sommaire-de-leaders-magazine-de-ce-mois\/","title":{"rendered":"Loi de finance compl\u00e9mentaire, demande au FMI, la mer oubli\u00e9e et l&rsquo;h\u00e9gominie d&rsquo;Ennahdha selon Abbou, au sommaire de Leaders Magazine de ce mois"},"content":{"rendered":"<div><img decoding=\"async\" src=\"https:\/\/linitiative.ca\/International\/wp-content\/uploads\/sites\/23\/2021\/07\/1625054697_article.jpg\" alt=\"Leaders N\u00b0122 Juillet 2021\" align=\"left\">D\u00e9crypter ce qui se passe et anticiper ce qui s\u2019annonce\u00a0: Leaders Magazine de ce mois de juillet foisonne d\u2019analyses et de r\u00e9v\u00e9lations. La mer, la dominance d\u2019Ennahdha sur le paysage politique et ses pratiques, avec des exemples frappants rapport\u00e9s par Mohamed Abbou, les retards pris dans la loi de finance compl\u00e9mentaire et la requ\u00eate au FMI sont au sommaire. Tout comme les changements en Alg\u00e9rie. Mais, aussi un hommage \u00e0 Hichem Dja\u00eft par son compagnon de route Ammar Mahjoubi. Un num\u00e9ro, dense, vari\u00e9, attractif, \u00e0 lire.<br \/>\nLes tr\u00e9sors n\u00e9glig\u00e9s<br \/>\nLa Tunisie peut-elle se permettre le grand luxe \u00e0 tourner le dos, aujourd\u2019hui encore, \u00e0 la mer\u00a0? Apr\u00e8s les phosphates, et &#8230;<\/p>\n<\/div>\n<p>Auteur:<br \/>\n<a href=\"https:\/\/www.leaders.com.tn\/article\/32096-leaders-n-122-juillet-2021\">Cliquez ici pour lire l&rsquo;article depuis sa source.<\/a><\/p>\n","protected":false},"excerpt":{"rendered":"<p>D\u00e9crypter ce qui se passe et anticiper ce qui s\u2019annonce\u00a0: Leaders Magazine de ce mois de juillet foisonne d\u2019analyses et de r\u00e9v\u00e9lations. La mer, la dominance d\u2019Ennahdha sur le paysage politique et ses pratiques, avec des exemples frappants rapport\u00e9s par Mohamed Abbou, les retards pris dans la loi de finance compl\u00e9mentaire et la requ\u00eate au [&hellip;]<\/p>\n","protected":false},"author":1772,"featured_media":0,"comment_status":"closed","ping_status":"closed","sticky":false,"template":"","format":"standard","meta":{"fifu_image_url":"http:\/\/www.leaders.com.tn\/uploads\/content\/thumbnails_small\/1625054697_article.jpg","fifu_image_alt":"<div>Loi de finance compl\u00e9mentaire, demande au FMI, la mer oubli\u00e9e et l'h\u00e9gominie d'Ennahdha selon Abbou, au sommaire de Leaders Magazine de ce mois<\/div>","footnotes":""},"categories":[73,55],"tags":[],"class_list":["post-120095","post","type-post","status-publish","format-standard","hentry","category-actualite","category-tunisie"],"_links":{"self":[{"href":"https:\/\/linitiative.ca\/International\/wp-json\/wp\/v2\/posts\/120095","targetHints":{"allow":["GET"]}}],"collection":[{"href":"https:\/\/linitiative.ca\/International\/wp-json\/wp\/v2\/posts"}],"about":[{"href":"https:\/\/linitiative.ca\/International\/wp-json\/wp\/v2\/types\/post"}],"author":[{"embeddable":true,"href":"https:\/\/linitiative.ca\/International\/wp-json\/wp\/v2\/users\/1772"}],"replies":[{"embeddable":true,"href":"https:\/\/linitiative.ca\/International\/wp-json\/wp\/v2\/comments?post=120095"}],"version-history":[{"count":0,"href":"https:\/\/linitiative.ca\/International\/wp-json\/wp\/v2\/posts\/120095\/revisions"}],"wp:attachment":[{"href":"https:\/\/linitiative.ca\/International\/wp-json\/wp\/v2\/media?parent=120095"}],"wp:term":[{"taxonomy":"category","embeddable":true,"href":"https:\/\/linitiative.ca\/International\/wp-json\/wp\/v2\/categories?post=120095"},{"taxonomy":"post_tag","embeddable":true,"href":"https:\/\/linitiative.ca\/International\/wp-json\/wp\/v2\/tags?post=120095"}],"curies":[{"name":"wp","href":"https:\/\/api.w.org\/{rel}","templated":true}]}}