{"id":120097,"date":"2021-07-01T07:40:00","date_gmt":"2021-07-01T11:40:00","guid":{"rendered":"https:\/\/linitiative.ca\/International\/saied-ghannouchi-et-mechichi-face-a-une-triple-rude-epreuve-la-tunisie-pourrait-elle-sen-sortir\/"},"modified":"2021-07-01T07:40:00","modified_gmt":"2021-07-01T11:40:00","slug":"saied-ghannouchi-et-mechichi-face-a-une-triple-rude-epreuve-la-tunisie-pourrait-elle-sen-sortir","status":"publish","type":"post","link":"https:\/\/linitiative.ca\/International\/saied-ghannouchi-et-mechichi-face-a-une-triple-rude-epreuve-la-tunisie-pourrait-elle-sen-sortir\/","title":{"rendered":"Sa\u00efed, Ghannouchi et Mechichi face \u00e0 une triple rude \u00e9preuve : la Tunisie pourrait-elle s\u2019en sortir ?"},"content":{"rendered":"<div><img decoding=\"async\" src=\"https:\/\/linitiative.ca\/International\/wp-content\/uploads\/sites\/23\/2021\/07\/1625140026_article.jpg\" alt=\"Sa\u00efed, Ghannouchi et Mechichi face \u00e0 une triple rude \u00e9preuve : la Tunisie pourrait-elle s\u2019en sortir ?\" align=\"left\">Un grand tournant s\u2019est engag\u00e9 en Tunisie depuis hier, mercredi 30 juin. Le contrat de violente agression ex\u00e9cut\u00e9 contre Abir Moussi, en direct sous la coupole du Parlement, l\u2019adoption d\u2019un accord inique avec le Fonds Qatari et les r\u00e9v\u00e9lations accablantes du comit\u00e9 de d\u00e9fense des martyres Belaid et Brahmi, pointant du doigt le chef du parquet, ont provoqu\u00e9 un grand s\u00e9isme. Ils marquent d\u00e9finitivement une forte rupture. Le traitement tant judiciaire que politique de ces trois affaires, des plus graves met \u00e0 rude \u00e9preuve la justice, l\u2019ARP, la Kasbah, Carthage et l\u2019ensemble de la classe politique.<br \/>\nL&rsquo;ampleur des d\u00e9g\u00e2ts est immense. Les digues sont tomb\u00e9es, les masques &#8230;<\/p>\n<\/div>\n<p>Auteur:<br \/>\n<a href=\"https:\/\/www.leaders.com.tn\/article\/32104-saied-ghannouchi-et-mechichi-face-a-une-triple-rude-epreuve-la-tunisie-pourrait-elle-s-en-sortir\">Cliquez ici pour lire l&rsquo;article depuis sa source.<\/a><\/p>\n","protected":false},"excerpt":{"rendered":"<p>Un grand tournant s\u2019est engag\u00e9 en Tunisie depuis hier, mercredi 30 juin. Le contrat de violente agression ex\u00e9cut\u00e9 contre Abir Moussi, en direct sous la coupole du Parlement, l\u2019adoption d\u2019un accord inique avec le Fonds Qatari et les r\u00e9v\u00e9lations accablantes du comit\u00e9 de d\u00e9fense des martyres Belaid et Brahmi, pointant du doigt le chef du [&hellip;]<\/p>\n","protected":false},"author":1772,"featured_media":0,"comment_status":"closed","ping_status":"closed","sticky":false,"template":"","format":"standard","meta":{"fifu_image_url":"http:\/\/www.leaders.com.tn\/uploads\/content\/thumbnails_small\/1625140026_article.jpg","fifu_image_alt":"Sa\u00efed, Ghannouchi et Mechichi face \u00e0 une triple rude \u00e9preuve : la Tunisie pourrait-elle s\u2019en sortir ?","footnotes":""},"categories":[73,55],"tags":[],"class_list":["post-120097","post","type-post","status-publish","format-standard","hentry","category-actualite","category-tunisie"],"_links":{"self":[{"href":"https:\/\/linitiative.ca\/International\/wp-json\/wp\/v2\/posts\/120097","targetHints":{"allow":["GET"]}}],"collection":[{"href":"https:\/\/linitiative.ca\/International\/wp-json\/wp\/v2\/posts"}],"about":[{"href":"https:\/\/linitiative.ca\/International\/wp-json\/wp\/v2\/types\/post"}],"author":[{"embeddable":true,"href":"https:\/\/linitiative.ca\/International\/wp-json\/wp\/v2\/users\/1772"}],"replies":[{"embeddable":true,"href":"https:\/\/linitiative.ca\/International\/wp-json\/wp\/v2\/comments?post=120097"}],"version-history":[{"count":0,"href":"https:\/\/linitiative.ca\/International\/wp-json\/wp\/v2\/posts\/120097\/revisions"}],"wp:attachment":[{"href":"https:\/\/linitiative.ca\/International\/wp-json\/wp\/v2\/media?parent=120097"}],"wp:term":[{"taxonomy":"category","embeddable":true,"href":"https:\/\/linitiative.ca\/International\/wp-json\/wp\/v2\/categories?post=120097"},{"taxonomy":"post_tag","embeddable":true,"href":"https:\/\/linitiative.ca\/International\/wp-json\/wp\/v2\/tags?post=120097"}],"curies":[{"name":"wp","href":"https:\/\/api.w.org\/{rel}","templated":true}]}}