{"id":120103,"date":"2021-07-01T06:00:00","date_gmt":"2021-07-01T10:00:00","guid":{"rendered":"https:\/\/linitiative.ca\/International\/baadji-veut-la-part-du-lion\/"},"modified":"2021-07-01T06:00:00","modified_gmt":"2021-07-01T10:00:00","slug":"baadji-veut-la-part-du-lion","status":"publish","type":"post","link":"https:\/\/linitiative.ca\/International\/baadji-veut-la-part-du-lion\/","title":{"rendered":"Ba\u00e2dji veut la part du lion"},"content":{"rendered":"<div>Sans aller jusqu\u2019\u00e0 l\u2019\u00abexiger\u00bb ouvertement, le secr\u00e9taire g\u00e9n\u00e9ral du parti du Front de lib\u00e9ration nationale veut la part du lion dans le futur gouvernement issu des \u00e9lections l\u00e9gislatives anticip\u00e9es du 12 juin dernier, dont, pourquoi pas<\/div>\n<p>Auteur:<br \/>\n<a href=\"https:\/\/www.lesoirdalgerie.com\/actualites\/baadji-veut-la-part-du-lion-63412\">Cliquez ici pour lire l&rsquo;article depuis sa source.<\/a><\/p>\n","protected":false},"excerpt":{"rendered":"<p>Sans aller jusqu\u2019\u00e0 l\u2019\u00abexiger\u00bb ouvertement, le secr\u00e9taire g\u00e9n\u00e9ral du parti du Front de lib\u00e9ration nationale veut la part du lion dans le futur gouvernement issu des \u00e9lections l\u00e9gislatives anticip\u00e9es du 12 juin dernier, dont, pourquoi pas Auteur: Cliquez ici pour lire l&rsquo;article depuis sa source.<\/p>\n","protected":false},"author":1741,"featured_media":0,"comment_status":"closed","ping_status":"closed","sticky":false,"template":"","format":"standard","meta":{"fifu_image_url":"","fifu_image_alt":"","footnotes":""},"categories":[73,53],"tags":[],"class_list":["post-120103","post","type-post","status-publish","format-standard","hentry","category-actualite","category-algerie"],"_links":{"self":[{"href":"https:\/\/linitiative.ca\/International\/wp-json\/wp\/v2\/posts\/120103","targetHints":{"allow":["GET"]}}],"collection":[{"href":"https:\/\/linitiative.ca\/International\/wp-json\/wp\/v2\/posts"}],"about":[{"href":"https:\/\/linitiative.ca\/International\/wp-json\/wp\/v2\/types\/post"}],"author":[{"embeddable":true,"href":"https:\/\/linitiative.ca\/International\/wp-json\/wp\/v2\/users\/1741"}],"replies":[{"embeddable":true,"href":"https:\/\/linitiative.ca\/International\/wp-json\/wp\/v2\/comments?post=120103"}],"version-history":[{"count":0,"href":"https:\/\/linitiative.ca\/International\/wp-json\/wp\/v2\/posts\/120103\/revisions"}],"wp:attachment":[{"href":"https:\/\/linitiative.ca\/International\/wp-json\/wp\/v2\/media?parent=120103"}],"wp:term":[{"taxonomy":"category","embeddable":true,"href":"https:\/\/linitiative.ca\/International\/wp-json\/wp\/v2\/categories?post=120103"},{"taxonomy":"post_tag","embeddable":true,"href":"https:\/\/linitiative.ca\/International\/wp-json\/wp\/v2\/tags?post=120103"}],"curies":[{"name":"wp","href":"https:\/\/api.w.org\/{rel}","templated":true}]}}