{"id":120104,"date":"2021-07-01T06:56:46","date_gmt":"2021-07-01T10:56:46","guid":{"rendered":"https:\/\/linitiative.ca\/International\/ue-le-pass-vaccinal-est-entre-en-vigueur\/"},"modified":"2021-07-01T06:56:46","modified_gmt":"2021-07-01T10:56:46","slug":"ue-le-pass-vaccinal-est-entre-en-vigueur","status":"publish","type":"post","link":"https:\/\/linitiative.ca\/International\/ue-le-pass-vaccinal-est-entre-en-vigueur\/","title":{"rendered":"UE. Le pass vaccinal est entr\u00e9 en vigueur"},"content":{"rendered":"<div><img decoding=\"async\" width=\"2560\" height=\"1707\" src=\"https:\/\/linitiative.ca\/International\/wp-content\/uploads\/sites\/23\/2021\/07\/EUs-Digital-COVID-1.jpeg\" class=\"attachment-post-thumbnail size-post-thumbnail wp-post-image\" alt=\"\" loading=\"lazy\" srcset=\"https:\/\/linitiative.ca\/International\/wp-content\/uploads\/sites\/23\/2021\/07\/EUs-Digital-COVID-1.jpeg 2560w, https:\/\/www.challenge.ma\/wp-content\/uploads\/2021\/07\/EUs-Digital-COVID-1-300x200.jpeg 300w, https:\/\/www.challenge.ma\/wp-content\/uploads\/2021\/07\/EUs-Digital-COVID-1-1024x683.jpeg 1024w, https:\/\/www.challenge.ma\/wp-content\/uploads\/2021\/07\/EUs-Digital-COVID-1-768x512.jpeg 768w, https:\/\/www.challenge.ma\/wp-content\/uploads\/2021\/07\/EUs-Digital-COVID-1-1536x1024.jpeg 1536w, https:\/\/www.challenge.ma\/wp-content\/uploads\/2021\/07\/EUs-Digital-COVID-1-2048x1366.jpeg 2048w, https:\/\/www.challenge.ma\/wp-content\/uploads\/2021\/07\/EUs-Digital-COVID-1-360x240.jpeg 360w, https:\/\/www.challenge.ma\/wp-content\/uploads\/2021\/07\/EUs-Digital-COVID-1-750x500.jpeg 750w\" sizes=\"auto, (max-width: 2560px) 100vw, 2560px\" itemprop=\"image\">Le certificat sanitaire europ\u00e9en (ou pass sanitaire) entre en vigueur ce jeudi pour faciliter les d\u00e9placements au sein de l\u2019Union europ\u00e9enne. T\u00e9l\u00e9chargeable gratuitement sur Internet et prouvant une double vaccination, un test PCR n\u00e9gatif ou une gu\u00e9rison du Covid-19, ce document est exig\u00e9 par les autorit\u00e9s des 27 pays membres<\/div>\n<p>Auteur: challenge<br \/>\n<a href=\"https:\/\/www.challenge.ma\/ue-le-pass-vaccinal-est-entre-en-vigueur-190860\/\">Cliquez ici pour lire l&rsquo;article depuis sa source.<\/a><\/p>\n","protected":false},"excerpt":{"rendered":"<p>Le certificat sanitaire europ\u00e9en (ou pass sanitaire) entre en vigueur ce jeudi pour faciliter les d\u00e9placements au sein de l\u2019Union europ\u00e9enne. T\u00e9l\u00e9chargeable gratuitement sur Internet et prouvant une double vaccination, un test PCR n\u00e9gatif ou une gu\u00e9rison du Covid-19, ce document est exig\u00e9 par les autorit\u00e9s des 27 pays membres Auteur: challenge Cliquez ici pour [&hellip;]<\/p>\n","protected":false},"author":1787,"featured_media":0,"comment_status":"closed","ping_status":"closed","sticky":false,"template":"","format":"standard","meta":{"fifu_image_url":"https:\/\/www.challenge.ma\/wp-content\/uploads\/2021\/07\/EUs-Digital-COVID-1.jpeg","fifu_image_alt":"UE. Le pass vaccinal est entr\u00e9 en vigueur","footnotes":""},"categories":[78,54],"tags":[],"class_list":["post-120104","post","type-post","status-publish","format-standard","hentry","category-economie","category-maroc"],"_links":{"self":[{"href":"https:\/\/linitiative.ca\/International\/wp-json\/wp\/v2\/posts\/120104","targetHints":{"allow":["GET"]}}],"collection":[{"href":"https:\/\/linitiative.ca\/International\/wp-json\/wp\/v2\/posts"}],"about":[{"href":"https:\/\/linitiative.ca\/International\/wp-json\/wp\/v2\/types\/post"}],"author":[{"embeddable":true,"href":"https:\/\/linitiative.ca\/International\/wp-json\/wp\/v2\/users\/1787"}],"replies":[{"embeddable":true,"href":"https:\/\/linitiative.ca\/International\/wp-json\/wp\/v2\/comments?post=120104"}],"version-history":[{"count":0,"href":"https:\/\/linitiative.ca\/International\/wp-json\/wp\/v2\/posts\/120104\/revisions"}],"wp:attachment":[{"href":"https:\/\/linitiative.ca\/International\/wp-json\/wp\/v2\/media?parent=120104"}],"wp:term":[{"taxonomy":"category","embeddable":true,"href":"https:\/\/linitiative.ca\/International\/wp-json\/wp\/v2\/categories?post=120104"},{"taxonomy":"post_tag","embeddable":true,"href":"https:\/\/linitiative.ca\/International\/wp-json\/wp\/v2\/tags?post=120104"}],"curies":[{"name":"wp","href":"https:\/\/api.w.org\/{rel}","templated":true}]}}