{"id":120108,"date":"2021-07-01T09:12:07","date_gmt":"2021-07-01T13:12:07","guid":{"rendered":"https:\/\/linitiative.ca\/International\/mon-histoire-avec-les-medicaments-une-autobiographie-de-feu-omar-tazi-chapitre-18\/"},"modified":"2021-07-01T09:12:07","modified_gmt":"2021-07-01T13:12:07","slug":"mon-histoire-avec-les-medicaments-une-autobiographie-de-feu-omar-tazi-chapitre-18","status":"publish","type":"post","link":"https:\/\/linitiative.ca\/International\/mon-histoire-avec-les-medicaments-une-autobiographie-de-feu-omar-tazi-chapitre-18\/","title":{"rendered":"\u00abMon histoire avec les m\u00e9dicaments\u00bb, une autobiographie de feu Omar Tazi [Chapitre 18]"},"content":{"rendered":"<div><img decoding=\"async\" width=\"870\" height=\"498\" src=\"https:\/\/linitiative.ca\/International\/wp-content\/uploads\/sites\/23\/2021\/07\/Omar-Tazi-Autobiographie-1-e1623680535837.jpg\" class=\"attachment-post-thumbnail size-post-thumbnail wp-post-image\" alt=\"\" loading=\"lazy\" srcset=\"https:\/\/linitiative.ca\/International\/wp-content\/uploads\/sites\/23\/2021\/07\/Omar-Tazi-Autobiographie-1-e1623680535837.jpg 870w, https:\/\/www.challenge.ma\/wp-content\/uploads\/2021\/06\/Omar-Tazi-Autobiographie-1-e1623680535837-300x172.jpg 300w, https:\/\/www.challenge.ma\/wp-content\/uploads\/2021\/06\/Omar-Tazi-Autobiographie-1-e1623680535837-768x440.jpg 768w, https:\/\/www.challenge.ma\/wp-content\/uploads\/2021\/06\/Omar-Tazi-Autobiographie-1-e1623680535837-360x206.jpg 360w, https:\/\/www.challenge.ma\/wp-content\/uploads\/2021\/06\/Omar-Tazi-Autobiographie-1-e1623680535837-750x429.jpg 750w\" sizes=\"auto, (max-width: 870px) 100vw, 870px\" itemprop=\"image\">Son enfance, sa bataille contre le trust des multinationales qui dominaient le march\u00e9 des m\u00e9dicaments \u00e0 l\u2019\u00e9poque, son militantisme pour l\u2019industrie pharmaceutique marocaine, plus \u00e9panouie, innovante et comp\u00e9titive, son engagement pour un entrepreneuriat citoyen et responsable\u2026\u00ab Mon histoire avec les m\u00e9dicaments \u00bb, l\u2019autobiographie de feu Omar Tazi publi\u00e9e \u00e0 titre<\/div>\n<p>Auteur: challenge<br \/>\n<a href=\"https:\/\/www.challenge.ma\/mon-histoire-avec-les-medicaments-une-autobiographie-de-feu-omar-tazi-chapitre-18-190873\/\">Cliquez ici pour lire l&rsquo;article depuis sa source.<\/a><\/p>\n","protected":false},"excerpt":{"rendered":"<p>Son enfance, sa bataille contre le trust des multinationales qui dominaient le march\u00e9 des m\u00e9dicaments \u00e0 l\u2019\u00e9poque, son militantisme pour l\u2019industrie pharmaceutique marocaine, plus \u00e9panouie, innovante et comp\u00e9titive, son engagement pour un entrepreneuriat citoyen et responsable\u2026\u00ab Mon histoire avec les m\u00e9dicaments \u00bb, l\u2019autobiographie de feu Omar Tazi publi\u00e9e \u00e0 titre Auteur: challenge Cliquez ici pour [&hellip;]<\/p>\n","protected":false},"author":1787,"featured_media":0,"comment_status":"closed","ping_status":"closed","sticky":false,"template":"","format":"standard","meta":{"fifu_image_url":"https:\/\/www.challenge.ma\/wp-content\/uploads\/2021\/06\/Omar-Tazi-Autobiographie-1-e1623680535837.jpg","fifu_image_alt":"\u00abMon histoire avec les m\u00e9dicaments\u00bb, une autobiographie de feu Omar Tazi [Chapitre 18]","footnotes":""},"categories":[78,54],"tags":[],"class_list":["post-120108","post","type-post","status-publish","format-standard","hentry","category-economie","category-maroc"],"_links":{"self":[{"href":"https:\/\/linitiative.ca\/International\/wp-json\/wp\/v2\/posts\/120108","targetHints":{"allow":["GET"]}}],"collection":[{"href":"https:\/\/linitiative.ca\/International\/wp-json\/wp\/v2\/posts"}],"about":[{"href":"https:\/\/linitiative.ca\/International\/wp-json\/wp\/v2\/types\/post"}],"author":[{"embeddable":true,"href":"https:\/\/linitiative.ca\/International\/wp-json\/wp\/v2\/users\/1787"}],"replies":[{"embeddable":true,"href":"https:\/\/linitiative.ca\/International\/wp-json\/wp\/v2\/comments?post=120108"}],"version-history":[{"count":0,"href":"https:\/\/linitiative.ca\/International\/wp-json\/wp\/v2\/posts\/120108\/revisions"}],"wp:attachment":[{"href":"https:\/\/linitiative.ca\/International\/wp-json\/wp\/v2\/media?parent=120108"}],"wp:term":[{"taxonomy":"category","embeddable":true,"href":"https:\/\/linitiative.ca\/International\/wp-json\/wp\/v2\/categories?post=120108"},{"taxonomy":"post_tag","embeddable":true,"href":"https:\/\/linitiative.ca\/International\/wp-json\/wp\/v2\/tags?post=120108"}],"curies":[{"name":"wp","href":"https:\/\/api.w.org\/{rel}","templated":true}]}}