{"id":12011,"date":"2019-02-07T09:39:20","date_gmt":"2019-02-07T14:39:20","guid":{"rendered":"https:\/\/linitiative.ca\/International\/german-academy-ouvre-a-marrakech\/"},"modified":"2019-02-07T09:39:20","modified_gmt":"2019-02-07T14:39:20","slug":"german-academy-ouvre-a-marrakech","status":"publish","type":"post","link":"https:\/\/linitiative.ca\/International\/german-academy-ouvre-a-marrakech\/","title":{"rendered":"German Academy ouvre \u00e0 Marrakech"},"content":{"rendered":"<div class=\"share mobile\" readability=\"7\">\n<p>PARTAGER German Academy ouvre \u00e0 Marrakech<\/p><\/div>\n<p class=\"c5\">Apr\u00e8s une premi\u00e8re ouverture \u00e0 Casablanca, German Academy poursuit son d\u00e9veloppement dans le Royaume et inaugure un deuxi\u00e8me \u00e9tablissement \u00e0 Marrakech, en partenariat avec les institutions Elamrani et HEEC.<\/p>\n<p class=\"c5\">German Academy Marrakech, qui sera log\u00e9e dans les sites du Campus HEEC Marrakech, lance ses premiers cours d\u00e8s le semestre d\u2019\u00e9t\u00e9 (avril 2019). \u00ab L\u2019\u00e9tablissement propose des formations universitaires et professionnelles au double concept d\u2019alternance Maroc-Allemagne et Universit\u00e9-Entreprise, calqu\u00e9es sur le mod\u00e8le des universit\u00e9s et \u00e9tablissements de formation germaniques \u00bb, explique le management. Et d\u2019ajouter : \u00ab Il s\u2019agit en fait de classes pr\u00e9paratoires qui permettent notamment d\u2019acc\u00e9der aux grandes \u00e9coles et universit\u00e9s allemandes, de b\u00e9n\u00e9ficier de formations sanctionn\u00e9es par des dipl\u00f4mes allemands reconnues \u00e0 l\u2019\u00e9chelle internationale, ainsi que de pouvoir, si l\u2019\u00e9tudiant le d\u00e9sire, envisager une carri\u00e8re en Allemagne ou ailleurs dans le monde. \u00bb<\/p>\n<p class=\"c5\">Au-del\u00e0 du partenariat avec les institutions Elamrani et HEEC, German Academy a \u00e9galement \u00e9t\u00e9 renforc\u00e9e cette ann\u00e9e par d\u2019autres partenariats strat\u00e9giques dont celui avec l\u2019universit\u00e9 des sciences appliqu\u00e9es de Landshut en Bavi\u00e8re (Allemagne), l\u2019Universit\u00e9 Ibn Tofail de Kenitra et MedZ (Maroc) sign\u00e9s r\u00e9cemment.<\/p>\n<div class=\"section group articles_linked\">\n<p><span class=\"legend\">POUR ALLER PLUS LOIN<\/span><\/p>\n<article class=\"col span_5_of_12\"><a href=\"https:\/\/lnt.ma\/examens-baccalaureat-11-14-juin-2019\/\" class=\" col span_3_of_12\"><img loading=\"lazy\" decoding=\"async\" width=\"85\" height=\"58\" src=\"https:\/\/lnt.ma\/wp-content\/uploads\/2017\/06\/mg_1095-85x58.jpg\" class=\"attachment-article_linked size-article_linked wp-post-image\" alt=\"\"\/><\/a><\/p>\n<\/article>\n<article class=\"col span_5_of_12\"><a href=\"https:\/\/lnt.ma\/groupe-scolaire-residence-inaugure-lecole-primaire-casa-anfa\/\" class=\" col span_3_of_12\"><img loading=\"lazy\" decoding=\"async\" width=\"85\" height=\"58\" src=\"https:\/\/lnt.ma\/wp-content\/uploads\/2019\/02\/img_9523-85x58.jpg\" class=\"attachment-article_linked size-article_linked wp-post-image\" alt=\"\"\/><\/a><\/p>\n<\/article>\n<\/div>\n","protected":false},"excerpt":{"rendered":"<p>PARTAGER German Academy ouvre \u00e0 Marrakech Apr\u00e8s une premi\u00e8re ouverture \u00e0 Casablanca, German Academy poursuit son d\u00e9veloppement dans le Royaume et inaugure un deuxi\u00e8me \u00e9tablissement \u00e0 Marrakech, en partenariat avec les institutions Elamrani et HEEC. German Academy Marrakech, qui sera log\u00e9e dans les sites du Campus HEEC Marrakech, lance ses premiers cours d\u00e8s le semestre [&hellip;]<\/p>\n","protected":false},"author":1761,"featured_media":12012,"comment_status":"closed","ping_status":"closed","sticky":false,"template":"","format":"standard","meta":{"fifu_image_url":"","fifu_image_alt":"","footnotes":""},"categories":[73,54],"tags":[],"class_list":["post-12011","post","type-post","status-publish","format-standard","has-post-thumbnail","hentry","category-actualite","category-maroc"],"_links":{"self":[{"href":"https:\/\/linitiative.ca\/International\/wp-json\/wp\/v2\/posts\/12011","targetHints":{"allow":["GET"]}}],"collection":[{"href":"https:\/\/linitiative.ca\/International\/wp-json\/wp\/v2\/posts"}],"about":[{"href":"https:\/\/linitiative.ca\/International\/wp-json\/wp\/v2\/types\/post"}],"author":[{"embeddable":true,"href":"https:\/\/linitiative.ca\/International\/wp-json\/wp\/v2\/users\/1761"}],"replies":[{"embeddable":true,"href":"https:\/\/linitiative.ca\/International\/wp-json\/wp\/v2\/comments?post=12011"}],"version-history":[{"count":0,"href":"https:\/\/linitiative.ca\/International\/wp-json\/wp\/v2\/posts\/12011\/revisions"}],"wp:featuredmedia":[{"embeddable":true,"href":"https:\/\/linitiative.ca\/International\/wp-json\/"}],"wp:attachment":[{"href":"https:\/\/linitiative.ca\/International\/wp-json\/wp\/v2\/media?parent=12011"}],"wp:term":[{"taxonomy":"category","embeddable":true,"href":"https:\/\/linitiative.ca\/International\/wp-json\/wp\/v2\/categories?post=12011"},{"taxonomy":"post_tag","embeddable":true,"href":"https:\/\/linitiative.ca\/International\/wp-json\/wp\/v2\/tags?post=12011"}],"curies":[{"name":"wp","href":"https:\/\/api.w.org\/{rel}","templated":true}]}}