{"id":120112,"date":"2021-07-01T13:32:57","date_gmt":"2021-07-01T17:32:57","guid":{"rendered":"https:\/\/linitiative.ca\/International\/dr-tayeb-hamdi-le-variant-delta-peut-remettre-en-cause-lassouplissement-des-mesures-de-restriction\/"},"modified":"2021-07-01T13:32:57","modified_gmt":"2021-07-01T17:32:57","slug":"dr-tayeb-hamdi-le-variant-delta-peut-remettre-en-cause-lassouplissement-des-mesures-de-restriction","status":"publish","type":"post","link":"https:\/\/linitiative.ca\/International\/dr-tayeb-hamdi-le-variant-delta-peut-remettre-en-cause-lassouplissement-des-mesures-de-restriction\/","title":{"rendered":"Dr Tayeb Hamdi : \u00abLe variant Delta peut remettre en cause l\u2019assouplissement des mesures de restriction\u00bb"},"content":{"rendered":"<div><img decoding=\"async\" width=\"1000\" height=\"689\" src=\"https:\/\/linitiative.ca\/International\/wp-content\/uploads\/sites\/23\/2021\/07\/Tayeb-Hamdi-2.jpg\" class=\"attachment-post-thumbnail size-post-thumbnail wp-post-image\" alt=\"\" loading=\"lazy\" srcset=\"https:\/\/linitiative.ca\/International\/wp-content\/uploads\/sites\/23\/2021\/07\/Tayeb-Hamdi-2.jpg 1000w, https:\/\/www.challenge.ma\/wp-content\/uploads\/2021\/06\/Tayeb-Hamdi-2-300x207.jpg 300w, https:\/\/www.challenge.ma\/wp-content\/uploads\/2021\/06\/Tayeb-Hamdi-2-768x529.jpg 768w, https:\/\/www.challenge.ma\/wp-content\/uploads\/2021\/06\/Tayeb-Hamdi-2-360x248.jpg 360w, https:\/\/www.challenge.ma\/wp-content\/uploads\/2021\/06\/Tayeb-Hamdi-2-750x517.jpg 750w\" sizes=\"auto, (max-width: 1000px) 100vw, 1000px\" itemprop=\"image\">La propagation du variant Delta, tr\u00e8s contagieux, suscite de plus en plus d\u2019inqui\u00e9tude dans de nombreux pays. Avec la saison estivale et l\u2019all\u00e8gement des mesures de restriction, le Maroc s\u2019expose-t-il \u00e0 une recrudescence des cas de contamination\u00a0? Dr Tayeb Hamdi, chercheur en politiques et syst\u00e8mes de sant\u00e9 et vice-pr\u00e9sident de<\/div>\n<p>Auteur: challenge<br \/>\n<a href=\"https:\/\/www.challenge.ma\/dr-tayeb-hamdi-le-variant-delta-peut-remettre-en-cause-lassouplissement-des-mesures-de-restriction-190927\/\">Cliquez ici pour lire l&rsquo;article depuis sa source.<\/a><\/p>\n","protected":false},"excerpt":{"rendered":"<p>La propagation du variant Delta, tr\u00e8s contagieux, suscite de plus en plus d\u2019inqui\u00e9tude dans de nombreux pays. Avec la saison estivale et l\u2019all\u00e8gement des mesures de restriction, le Maroc s\u2019expose-t-il \u00e0 une recrudescence des cas de contamination\u00a0? Dr Tayeb Hamdi, chercheur en politiques et syst\u00e8mes de sant\u00e9 et vice-pr\u00e9sident de Auteur: challenge Cliquez ici pour [&hellip;]<\/p>\n","protected":false},"author":1787,"featured_media":0,"comment_status":"closed","ping_status":"closed","sticky":false,"template":"","format":"standard","meta":{"fifu_image_url":"https:\/\/www.challenge.ma\/wp-content\/uploads\/2021\/06\/Tayeb-Hamdi-2.jpg","fifu_image_alt":"Dr Tayeb Hamdi : \u00abLe variant Delta peut remettre en cause l\u2019assouplissement des mesures de restriction\u00bb","footnotes":""},"categories":[78,54],"tags":[],"class_list":["post-120112","post","type-post","status-publish","format-standard","hentry","category-economie","category-maroc"],"_links":{"self":[{"href":"https:\/\/linitiative.ca\/International\/wp-json\/wp\/v2\/posts\/120112","targetHints":{"allow":["GET"]}}],"collection":[{"href":"https:\/\/linitiative.ca\/International\/wp-json\/wp\/v2\/posts"}],"about":[{"href":"https:\/\/linitiative.ca\/International\/wp-json\/wp\/v2\/types\/post"}],"author":[{"embeddable":true,"href":"https:\/\/linitiative.ca\/International\/wp-json\/wp\/v2\/users\/1787"}],"replies":[{"embeddable":true,"href":"https:\/\/linitiative.ca\/International\/wp-json\/wp\/v2\/comments?post=120112"}],"version-history":[{"count":0,"href":"https:\/\/linitiative.ca\/International\/wp-json\/wp\/v2\/posts\/120112\/revisions"}],"wp:attachment":[{"href":"https:\/\/linitiative.ca\/International\/wp-json\/wp\/v2\/media?parent=120112"}],"wp:term":[{"taxonomy":"category","embeddable":true,"href":"https:\/\/linitiative.ca\/International\/wp-json\/wp\/v2\/categories?post=120112"},{"taxonomy":"post_tag","embeddable":true,"href":"https:\/\/linitiative.ca\/International\/wp-json\/wp\/v2\/tags?post=120112"}],"curies":[{"name":"wp","href":"https:\/\/api.w.org\/{rel}","templated":true}]}}