{"id":120115,"date":"2021-07-01T16:21:12","date_gmt":"2021-07-01T20:21:12","guid":{"rendered":"https:\/\/linitiative.ca\/International\/hopital-regional-de-medjez-el-bab-audio-agression-a-lencontre-du-personnel-medical\/"},"modified":"2021-07-01T16:21:12","modified_gmt":"2021-07-01T20:21:12","slug":"hopital-regional-de-medjez-el-bab-audio-agression-a-lencontre-du-personnel-medical","status":"publish","type":"post","link":"https:\/\/linitiative.ca\/International\/hopital-regional-de-medjez-el-bab-audio-agression-a-lencontre-du-personnel-medical\/","title":{"rendered":"Hopital R\u00e9gional de Medjez El Bab [AUDIO]: Agression \u00e0 l\u2019encontre du personnel m\u00e9dical"},"content":{"rendered":"<div>\n<p>Le secr\u00e9taire g\u00e9n\u00e9ral du syndicat de la Sant\u00e9 de base \u00e0 Medjez El Bab, Nejia Sliti a affirm\u00e9 dans une d\u00e9claration au correspondant de tunisienumerique \u00e0 B\u00e9ja le 1er juillet 2021, l\u2019agression verbale et physique \u00e0 l\u2019encontre d\u2019un surveillant, hier au service d\u2019urgences par des citoyens. En effet, elle a indiqu\u00e9 qu\u2019un homme a accompagn\u00e9 [\u2026]<\/p>\n<p>L\u2019article <a href=\"https:\/\/www.tunisienumerique.com\/hopital-regional-de-medjez-el-bab-audio-agression-a-lencontre-du-personnel-medical\/\">Hopital R\u00e9gional de Medjez El Bab [AUDIO]: Agression \u00e0 l\u2019encontre du personnel m\u00e9dical<\/a> est apparu en premier sur <a href=\"https:\/\/www.tunisienumerique.com\/\">Tunisie<\/a>.<\/p>\n<\/div>\n<p>Auteur: rania ben slimane<br \/>\n<a href=\"https:\/\/www.tunisienumerique.com\/hopital-regional-de-medjez-el-bab-audio-agression-a-lencontre-du-personnel-medical\/\">Cliquez ici pour lire l&rsquo;article depuis sa source.<\/a><\/p>\n","protected":false},"excerpt":{"rendered":"<p>Le secr\u00e9taire g\u00e9n\u00e9ral du syndicat de la Sant\u00e9 de base \u00e0 Medjez El Bab, Nejia Sliti a affirm\u00e9 dans une d\u00e9claration au correspondant de tunisienumerique \u00e0 B\u00e9ja le 1er juillet 2021, l\u2019agression verbale et physique \u00e0 l\u2019encontre d\u2019un surveillant, hier au service d\u2019urgences par des citoyens. En effet, elle a indiqu\u00e9 qu\u2019un homme a accompagn\u00e9 [&hellip;]<\/p>\n","protected":false},"author":1789,"featured_media":0,"comment_status":"closed","ping_status":"closed","sticky":false,"template":"","format":"standard","meta":{"fifu_image_url":"","fifu_image_alt":"","footnotes":""},"categories":[73,55],"tags":[],"class_list":["post-120115","post","type-post","status-publish","format-standard","hentry","category-actualite","category-tunisie"],"_links":{"self":[{"href":"https:\/\/linitiative.ca\/International\/wp-json\/wp\/v2\/posts\/120115","targetHints":{"allow":["GET"]}}],"collection":[{"href":"https:\/\/linitiative.ca\/International\/wp-json\/wp\/v2\/posts"}],"about":[{"href":"https:\/\/linitiative.ca\/International\/wp-json\/wp\/v2\/types\/post"}],"author":[{"embeddable":true,"href":"https:\/\/linitiative.ca\/International\/wp-json\/wp\/v2\/users\/1789"}],"replies":[{"embeddable":true,"href":"https:\/\/linitiative.ca\/International\/wp-json\/wp\/v2\/comments?post=120115"}],"version-history":[{"count":0,"href":"https:\/\/linitiative.ca\/International\/wp-json\/wp\/v2\/posts\/120115\/revisions"}],"wp:attachment":[{"href":"https:\/\/linitiative.ca\/International\/wp-json\/wp\/v2\/media?parent=120115"}],"wp:term":[{"taxonomy":"category","embeddable":true,"href":"https:\/\/linitiative.ca\/International\/wp-json\/wp\/v2\/categories?post=120115"},{"taxonomy":"post_tag","embeddable":true,"href":"https:\/\/linitiative.ca\/International\/wp-json\/wp\/v2\/tags?post=120115"}],"curies":[{"name":"wp","href":"https:\/\/api.w.org\/{rel}","templated":true}]}}