{"id":120119,"date":"2021-07-01T15:48:41","date_gmt":"2021-07-01T19:48:41","guid":{"rendered":"https:\/\/linitiative.ca\/International\/tension-entre-le-pouvoir-de-deby-fils-et-la-commission-de-lua\/"},"modified":"2021-07-01T15:48:41","modified_gmt":"2021-07-01T19:48:41","slug":"tension-entre-le-pouvoir-de-deby-fils-et-la-commission-de-lua","status":"publish","type":"post","link":"https:\/\/linitiative.ca\/International\/tension-entre-le-pouvoir-de-deby-fils-et-la-commission-de-lua\/","title":{"rendered":"TENSION ENTRE LE POUVOIR DE DEBY FILS ET LA COMMISSION DE L\u2019UA  \u00a0"},"content":{"rendered":"<div>\n<p><img decoding=\"async\" width=\"300\" height=\"168\" src=\"https:\/\/linitiative.ca\/International\/wp-content\/uploads\/sites\/23\/2021\/07\/TENSION.jpg\" class=\"attachment- size- wp-post-image\" alt=\"\" loading=\"lazy\" style=\"float:left; margin:0 15px 15px 0;\">Entre le pouvoir de transition install\u00e9 \u00e0 N\u2019Djamena depuis le 20 avril dernier, suite \u00e0 la mort brutale d\u2019Idriss Deby Itno et la Commission de l\u2019Union africaine (UA), la hache de guerre, peut-on dire, est d\u00e9terr\u00e9e. En cause\u00a0: la nomination du S\u00e9n\u00e9galais Ibrahim Fall au poste de haut repr\u00e9sentant de l\u2019UA pour accompagner la transition. \u2026<\/p>\n<p>L\u2019article <a rel=\"nofollow\" href=\"https:\/\/lepays.bf\/tension-entre-le-pouvoir-de-deby-fils-et-la-commission-de-lua\/\">TENSION ENTRE LE POUVOIR DE DEBY FILS ET LA COMMISSION DE L\u2019UA  \u00a0<\/a> est apparu en premier sur <a rel=\"nofollow\" href=\"https:\/\/lepays.bf\/\">Editions Le Pays<\/a>.<\/p>\n<\/div>\n<p>Auteur: Editions LEPAYS<br \/>\n<a href=\"https:\/\/lepays.bf\/tension-entre-le-pouvoir-de-deby-fils-et-la-commission-de-lua\/\">Cliquez ici pour lire l&rsquo;article depuis sa source.<\/a><\/p>\n","protected":false},"excerpt":{"rendered":"<p>Entre le pouvoir de transition install\u00e9 \u00e0 N\u2019Djamena depuis le 20 avril dernier, suite \u00e0 la mort brutale d\u2019Idriss Deby Itno et la Commission de l\u2019Union africaine (UA), la hache de guerre, peut-on dire, est d\u00e9terr\u00e9e. En cause\u00a0: la nomination du S\u00e9n\u00e9galais Ibrahim Fall au poste de haut repr\u00e9sentant de l\u2019UA pour accompagner la transition. [&hellip;]<\/p>\n","protected":false},"author":1813,"featured_media":0,"comment_status":"closed","ping_status":"closed","sticky":false,"template":"","format":"standard","meta":{"fifu_image_url":"https:\/\/lepays.bf\/wp-content\/uploads\/2021\/07\/TENSION.jpg","fifu_image_alt":"TENSION ENTRE LE POUVOIR DE DEBY FILS ET LA COMMISSION DE L\u2019UA  \u00a0","footnotes":""},"categories":[73,81],"tags":[],"class_list":["post-120119","post","type-post","status-publish","format-standard","hentry","category-actualite","category-burkina-faso"],"_links":{"self":[{"href":"https:\/\/linitiative.ca\/International\/wp-json\/wp\/v2\/posts\/120119","targetHints":{"allow":["GET"]}}],"collection":[{"href":"https:\/\/linitiative.ca\/International\/wp-json\/wp\/v2\/posts"}],"about":[{"href":"https:\/\/linitiative.ca\/International\/wp-json\/wp\/v2\/types\/post"}],"author":[{"embeddable":true,"href":"https:\/\/linitiative.ca\/International\/wp-json\/wp\/v2\/users\/1813"}],"replies":[{"embeddable":true,"href":"https:\/\/linitiative.ca\/International\/wp-json\/wp\/v2\/comments?post=120119"}],"version-history":[{"count":0,"href":"https:\/\/linitiative.ca\/International\/wp-json\/wp\/v2\/posts\/120119\/revisions"}],"wp:attachment":[{"href":"https:\/\/linitiative.ca\/International\/wp-json\/wp\/v2\/media?parent=120119"}],"wp:term":[{"taxonomy":"category","embeddable":true,"href":"https:\/\/linitiative.ca\/International\/wp-json\/wp\/v2\/categories?post=120119"},{"taxonomy":"post_tag","embeddable":true,"href":"https:\/\/linitiative.ca\/International\/wp-json\/wp\/v2\/tags?post=120119"}],"curies":[{"name":"wp","href":"https:\/\/api.w.org\/{rel}","templated":true}]}}