{"id":120121,"date":"2021-07-01T09:32:59","date_gmt":"2021-07-01T13:32:59","guid":{"rendered":"https:\/\/linitiative.ca\/International\/conseil-des-ministres-roch-kabore-invite-ses-compatriotes-a-faire-preuve-dunite-et-de-solidarite\/"},"modified":"2021-07-01T09:32:59","modified_gmt":"2021-07-01T13:32:59","slug":"conseil-des-ministres-roch-kabore-invite-ses-compatriotes-a-faire-preuve-dunite-et-de-solidarite","status":"publish","type":"post","link":"https:\/\/linitiative.ca\/International\/conseil-des-ministres-roch-kabore-invite-ses-compatriotes-a-faire-preuve-dunite-et-de-solidarite\/","title":{"rendered":"Conseil des ministres : Roch Kabor\u00e9 invite ses compatriotes \u00e0 faire preuve d\u2019unit\u00e9 et de solidarit\u00e9."},"content":{"rendered":"<div>\n<p><em>(Nous avons tenu ce 1er juillet 2021, un Conseil des ministres de prise de contact, suite au r\u00e9am\u00e9nagement du gouvernement. A l\u2019occasion, j\u2019ai indiqu\u00e9 mes attentes, pour apporter des r\u00e9ponses aux aspirations profondes et l\u00e9gitimes de notre peuple. Je r\u00e9it\u00e8re mon appel \u00e0 mes compatriotes, \u00e0 faire preuve d\u2019unit\u00e9 et de solidarit\u00e9, pour qu\u2019ensemble, nous relevions le d\u00e9fi de la lutte contre le terrorisme),<\/em> a dit le pr\u00e9sident du Faso, Roch Kabor\u00e9. Il a affirm\u00e9 qu\u2019un nouveau gouvernement est en place. Il a soutenu que le remaniement minist\u00e9riel intervenu le 30 juin s\u2019inscrit dans sa volont\u00e9 de donner un nouveau souffle \u00e0 son engagement face aux d\u00e9fis majeurs de la Nation. Il a \u00e9galement affirm\u00e9 que l\u2019accompagnement et le soutien de l\u2019ensemble des fils et filles du Burkina Faso seront les ferments de ce nouvel ex\u00e9cutif, dans la construction d\u2019une Nation s\u00e9curis\u00e9e, de paix, et de prosp\u00e9rit\u00e9.<\/p>\n<p><strong>La R\u00e9daction<\/strong><\/p>\n<p>L\u2019article <a rel=\"nofollow\" href=\"https:\/\/www.sidwaya.info\/blog\/2021\/07\/01\/conseil-des-ministres-roch-kabore-invite-ses-compatriotes-a-faire-preuve-dunite-et-de-solidarite\/\">Conseil des ministres : Roch Kabor\u00e9 invite ses compatriotes \u00e0 faire preuve d\u2019unit\u00e9 et de solidarit\u00e9.<\/a> est apparu en premier sur <a rel=\"nofollow\" href=\"https:\/\/www.sidwaya.info\/\">Quotidien Sidwaya<\/a>.<\/p>\n<\/div>\n<p>Auteur: Wamini SIDWAYA<br \/>\n<a href=\"https:\/\/www.sidwaya.info\/blog\/2021\/07\/01\/conseil-des-ministres-roch-kabore-invite-ses-compatriotes-a-faire-preuve-dunite-et-de-solidarite\/\">Cliquez ici pour lire l&rsquo;article depuis sa source.<\/a><\/p>\n","protected":false},"excerpt":{"rendered":"<p>(Nous avons tenu ce 1er juillet 2021, un Conseil des ministres de prise de contact, suite au r\u00e9am\u00e9nagement du gouvernement. A l\u2019occasion, j\u2019ai indiqu\u00e9 mes attentes, pour apporter des r\u00e9ponses aux aspirations profondes et l\u00e9gitimes de notre peuple. Je r\u00e9it\u00e8re mon appel \u00e0 mes compatriotes, \u00e0 faire preuve d\u2019unit\u00e9 et de solidarit\u00e9, pour qu\u2019ensemble, nous [&hellip;]<\/p>\n","protected":false},"author":1816,"featured_media":0,"comment_status":"closed","ping_status":"closed","sticky":false,"template":"","format":"standard","meta":{"fifu_image_url":"","fifu_image_alt":"","footnotes":""},"categories":[73,81],"tags":[],"class_list":["post-120121","post","type-post","status-publish","format-standard","hentry","category-actualite","category-burkina-faso"],"_links":{"self":[{"href":"https:\/\/linitiative.ca\/International\/wp-json\/wp\/v2\/posts\/120121","targetHints":{"allow":["GET"]}}],"collection":[{"href":"https:\/\/linitiative.ca\/International\/wp-json\/wp\/v2\/posts"}],"about":[{"href":"https:\/\/linitiative.ca\/International\/wp-json\/wp\/v2\/types\/post"}],"author":[{"embeddable":true,"href":"https:\/\/linitiative.ca\/International\/wp-json\/wp\/v2\/users\/1816"}],"replies":[{"embeddable":true,"href":"https:\/\/linitiative.ca\/International\/wp-json\/wp\/v2\/comments?post=120121"}],"version-history":[{"count":0,"href":"https:\/\/linitiative.ca\/International\/wp-json\/wp\/v2\/posts\/120121\/revisions"}],"wp:attachment":[{"href":"https:\/\/linitiative.ca\/International\/wp-json\/wp\/v2\/media?parent=120121"}],"wp:term":[{"taxonomy":"category","embeddable":true,"href":"https:\/\/linitiative.ca\/International\/wp-json\/wp\/v2\/categories?post=120121"},{"taxonomy":"post_tag","embeddable":true,"href":"https:\/\/linitiative.ca\/International\/wp-json\/wp\/v2\/tags?post=120121"}],"curies":[{"name":"wp","href":"https:\/\/api.w.org\/{rel}","templated":true}]}}