{"id":120125,"date":"2021-07-01T16:18:37","date_gmt":"2021-07-01T20:18:37","guid":{"rendered":"https:\/\/linitiative.ca\/International\/effondrement-des-batiments-les-acteurs-echangent-sur-la-qualite-des-constructions\/"},"modified":"2021-07-01T16:18:37","modified_gmt":"2021-07-01T20:18:37","slug":"effondrement-des-batiments-les-acteurs-echangent-sur-la-qualite-des-constructions","status":"publish","type":"post","link":"https:\/\/linitiative.ca\/International\/effondrement-des-batiments-les-acteurs-echangent-sur-la-qualite-des-constructions\/","title":{"rendered":"Effondrement des b\u00e2timents : Les acteurs \u00e9changent sur la qualit\u00e9 des constructions"},"content":{"rendered":"<div>\n<p><strong>Le minist\u00e8re de l\u2019Urbanisme, de l\u2019Habitat et de la Ville a organis\u00e9 un atelier le jeudi 1er juillet 2021, \u00e0 Ouagadougou. Il s\u2019est agi, d\u2019\u00e9changer sur la qualit\u00e9 des constructions au Burkina Faso.<\/strong><\/p>\n<p>Le lundi 24 mai 2021 dernier, \u00e0 Dand\u00e9, un \u00e9l\u00e8ve a perdu la vie \u00e0 la suite de l\u2019effondrement d\u2019un b\u00e2timent d\u2019une salle de classe. A Tenkodogo, deux ouvriers ont perdu la vie sur un chantier de construction. Toute chose qui vient confirmer que le secteur de la construction au Burkina Faso est en crise. En effet, \u00e0 la suite des premi\u00e8res pluies de la saison hivernale, les premiers cas de sinistres relatifs \u00e0 l\u2019\u00e9croulement de b\u00e2timents ont \u00e9t\u00e9 enregistr\u00e9s. En vue de trouver une solution \u00e0 cette probl\u00e9matique, il s\u2019est tenu un atelier le jeudi 1er juillet 2021, \u00e0 Ouagadougou. Selon le directeur de cabinet du minist\u00e8re de l\u2019Urbanisme, de l\u2019Habitat et de la Ville, Alfred Compaor\u00e9, par ailleurs repr\u00e9sentant du ministre, le but de cet atelier est de poser les bases pour rem\u00e9dier \u00e0 la situation dans laquelle se trouve de domaine de la construction.<\/p>\n<p>\u00ab\u2008Le d\u00e9sordre dans le domaine des constructions doit cesser\u2008\u00bb, a-t-il interpell\u00e9. Il a indiqu\u00e9 que plusieurs \u00e9tudes ont permis de montrer que plus d\u2019une centaine de b\u00e2timents sont sous la menace de s\u2019effondrer \u00e0 travers le pays. Des probl\u00e8mes \u00e0 son avis sont de divers ordres. Il s\u2019agit notamment de la qualit\u00e9 des mat\u00e9riaux de construction vendus sur le march\u00e9, de la qualit\u00e9 du suivi-contr\u00f4le et des entreprises insatisfaites des montants qui leur sont allou\u00e9s dans les budgets pour la r\u00e9alisation des ouvrages. A ceux-ci s\u2019ajoutent des cas de corruption. \u00ab Cet atelier, est un cadre de formulation de solutions, afin d\u2019inverser dans les ann\u00e9es \u00e0 venir, la tendance actuelle \u00bb, a-t-il insist\u00e9, tout en souhaitant des \u00e9changes constructifs, sinc\u00e8res et francs.<\/p>\n<p>Le Directeur g\u00e9n\u00e9ral de l\u2019architecture, de l\u2019habitat et de la construction du minist\u00e8re en charge de l\u2019urbanisme, Soubeiga Aim\u00e9, a quant \u00e0 lui, rappel\u00e9 qu\u2019il est temps d\u2019identifier les probl\u00e8mes de fa\u00e7on sp\u00e9cifique, afin d\u2019apporter des solutions sp\u00e9cifiques. A l\u2019\u00e9couter, il faut \u00e9tablir des normes dans le secteur de la construction afin de stopper l\u2019essor de ce ph\u00e9nom\u00e8ne. Il a en plus fait savoir que les effondrements constat\u00e9s ces derniers jours sont les r\u00e9sultats d\u2019une d\u00e9gradation assez importante de la qualit\u00e9 des mat\u00e9riaux de construction. Pour lui, la qualit\u00e9 des mat\u00e9riaux tout comme celle des prestations des entreprises doivent \u00eatre revues pour \u00e9viter qu\u2019il y ait des effondrements qui endeuillent parfois des familles. \u00ab Nous comptons mettre le doigt sur les insuffisances\u00bb, a d\u00e9clar\u00e9 M. Soubeiga.<\/p>\n<p style=\"text-align: right\"><strong>Laetitia TRAORE<\/strong><br \/>\n(Stagiaire)<\/p>\n<p>L\u2019article <a rel=\"nofollow\" href=\"https:\/\/www.sidwaya.info\/blog\/2021\/07\/01\/effondrement-des-batiments-les-acteurs-echangent-sur-la-qualite-des-constructions\/\">Effondrement des b\u00e2timents : Les acteurs \u00e9changent sur la qualit\u00e9 des constructions<\/a> est apparu en premier sur <a rel=\"nofollow\" href=\"https:\/\/www.sidwaya.info\/\">Quotidien Sidwaya<\/a>.<\/p>\n<\/div>\n<p>Auteur: JK. Sidwaya<br \/>\n<a href=\"https:\/\/www.sidwaya.info\/blog\/2021\/07\/01\/effondrement-des-batiments-les-acteurs-echangent-sur-la-qualite-des-constructions\/\">Cliquez ici pour lire l&rsquo;article depuis sa source.<\/a><\/p>\n","protected":false},"excerpt":{"rendered":"<p>Le minist\u00e8re de l\u2019Urbanisme, de l\u2019Habitat et de la Ville a organis\u00e9 un atelier le jeudi 1er juillet 2021, \u00e0 Ouagadougou. Il s\u2019est agi, d\u2019\u00e9changer sur la qualit\u00e9 des constructions au Burkina Faso. Le lundi 24 mai 2021 dernier, \u00e0 Dand\u00e9, un \u00e9l\u00e8ve a perdu la vie \u00e0 la suite de l\u2019effondrement d\u2019un b\u00e2timent d\u2019une [&hellip;]<\/p>\n","protected":false},"author":1816,"featured_media":0,"comment_status":"closed","ping_status":"closed","sticky":false,"template":"","format":"standard","meta":{"fifu_image_url":"","fifu_image_alt":"","footnotes":""},"categories":[73,81],"tags":[],"class_list":["post-120125","post","type-post","status-publish","format-standard","hentry","category-actualite","category-burkina-faso"],"_links":{"self":[{"href":"https:\/\/linitiative.ca\/International\/wp-json\/wp\/v2\/posts\/120125","targetHints":{"allow":["GET"]}}],"collection":[{"href":"https:\/\/linitiative.ca\/International\/wp-json\/wp\/v2\/posts"}],"about":[{"href":"https:\/\/linitiative.ca\/International\/wp-json\/wp\/v2\/types\/post"}],"author":[{"embeddable":true,"href":"https:\/\/linitiative.ca\/International\/wp-json\/wp\/v2\/users\/1816"}],"replies":[{"embeddable":true,"href":"https:\/\/linitiative.ca\/International\/wp-json\/wp\/v2\/comments?post=120125"}],"version-history":[{"count":0,"href":"https:\/\/linitiative.ca\/International\/wp-json\/wp\/v2\/posts\/120125\/revisions"}],"wp:attachment":[{"href":"https:\/\/linitiative.ca\/International\/wp-json\/wp\/v2\/media?parent=120125"}],"wp:term":[{"taxonomy":"category","embeddable":true,"href":"https:\/\/linitiative.ca\/International\/wp-json\/wp\/v2\/categories?post=120125"},{"taxonomy":"post_tag","embeddable":true,"href":"https:\/\/linitiative.ca\/International\/wp-json\/wp\/v2\/tags?post=120125"}],"curies":[{"name":"wp","href":"https:\/\/api.w.org\/{rel}","templated":true}]}}