{"id":120126,"date":"2021-07-01T16:28:50","date_gmt":"2021-07-01T20:28:50","guid":{"rendered":"https:\/\/linitiative.ca\/International\/journees-de-redevabilite-de-lassemblee-nationale-les-deputes-soumettent-leurs-actions-a-lappreciation-des-populations\/"},"modified":"2021-07-01T16:28:50","modified_gmt":"2021-07-01T20:28:50","slug":"journees-de-redevabilite-de-lassemblee-nationale-les-deputes-soumettent-leurs-actions-a-lappreciation-des-populations","status":"publish","type":"post","link":"https:\/\/linitiative.ca\/International\/journees-de-redevabilite-de-lassemblee-nationale-les-deputes-soumettent-leurs-actions-a-lappreciation-des-populations\/","title":{"rendered":"Journ\u00e9es de redevabilit\u00e9 de l\u2019Assembl\u00e9e nationale : Les d\u00e9put\u00e9s  soumettent leurs actions  \u00e0 l\u2019appr\u00e9ciation des populations"},"content":{"rendered":"<div>\n<p><strong>L\u2019Assembl\u00e9e nationale tient ses toutes premi\u00e8res journ\u00e9es de redevabilit\u00e9 du 1er au 4 juillet 2021 \u00e0 Bobo-Dioulasso sous le th\u00e8me \u00ab Culture de la redevabilit\u00e9, un imp\u00e9ratif pour un parlement de proximit\u00e9 \u00bb. L\u2019ouverture des travaux de ces journ\u00e9es a \u00e9t\u00e9 pr\u00e9sid\u00e9e par le Pr\u00e9sident du parlement, Alassane Bala Sakand\u00e9, en pr\u00e9sence de quatre anciens pr\u00e9sidents de l\u2019Assembl\u00e9e nationale. Il s\u2019agit de M\u00e9l\u00e9gu\u00e9 Maurice Traor\u00e9, Bongnessan Ars\u00e8ne Y\u00e9, Kader Ciss\u00e9 et Moussa Sanogo.<\/strong><\/p>\n<p>Jadis r\u00e9serv\u00e9es aux groupes parlementaires dans leurs circonscriptions respectives, les journ\u00e9es de redevabilit\u00e9 de l\u2019Assembl\u00e9e nationale se tiennent pour la premi\u00e8re fois du 1er au 4 juillet 2021 \u00e0 Bobo-Dioulasso dans la r\u00e9gion des Hauts-Bassins. \u00ab Culture de la redevabilit\u00e9, un imp\u00e9ratif pour un parlement de proximit\u00e9 \u00bb. C\u2019est le th\u00e8me de ces premi\u00e8res journ\u00e9es de redevabilit\u00e9 de l\u2019Assembl\u00e9e nationale. Selon le pr\u00e9sident de la VIIIe l\u00e9gislature, Alassane Bala Sakand\u00e9, cet exercice des d\u00e9put\u00e9s, entend rendre compte de l\u2019action parlementaire aux populations, les \u00e9couter sur leurs attentes et suggestions et faciliter le contr\u00f4le citoyen de l\u2019action gouvernementale. M\u00eame si cette initiative de d\u00e9porter les d\u00e9put\u00e9s pour la premi\u00e8re fois depuis la cr\u00e9ation du Conseil g\u00e9n\u00e9ral de la Haute-Volta (anc\u00eatre de l\u2019Assembl\u00e9e nationale) en 1948 hors de Ouagadougou, ne repose sur aucune base l\u00e9gale, sa l\u00e9gitimit\u00e9, a soutenu Alassane Bala Sakand\u00e9, reste \u00ab pleine, enti\u00e8re et \u00e9vidente \u00bb en ce sens qu\u2019elle proc\u00e8de d\u2019une d\u00e9marche volontariste du d\u00e9put\u00e9 de questionner son action par un retour \u00e0 la source de son mandat ainsi que l\u2019aspiration \u00e0 davantage de transparence, de responsabilit\u00e9 et d\u2019efficacit\u00e9 de l\u2019action parlementaire. Aussi, cette l\u00e9gitimit\u00e9, selon le pr\u00e9sident de l\u2019Assembl\u00e9e nationale se justifie par l\u2019obligation de reddition qui est la contrepartie n\u00e9cessaire du droit de repr\u00e9sentation.<br \/>\n\u00ab La l\u00e9gitimit\u00e9 de ces journ\u00e9es de redevabilit\u00e9 de l\u2019Assembl\u00e9e nationale reste pleine, enti\u00e8re et \u00e9vidente parce que sans l\u2019obligation de rendre compte, l\u2019exercice de tout mandat \u00e9lectif ou de tout pouvoir r\u00e9publicain n\u2019est qu\u2019une conspiration contre le destin collectif \u00bb, a martel\u00e9 Alassane Bala Sakand\u00e9.<\/p>\n<h3>Le m\u00eame exercice dans les autres r\u00e9gions<\/h3>\n<figure id=\"attachment_37145\" aria-describedby=\"caption-attachment-37145\" style=\"width: 300px\" class=\"wp-caption alignleft\"><img decoding=\"async\" loading=\"lazy\" class=\"size-medium wp-image-37145\" src=\"https:\/\/linitiative.ca\/International\/wp-content\/uploads\/sites\/23\/2021\/07\/PAN-300x223-1.jpg\" alt=\"\" width=\"300\" height=\"223\" srcset=\"https:\/\/linitiative.ca\/International\/wp-content\/uploads\/sites\/23\/2021\/07\/PAN-300x223-1.jpg 300w, https:\/\/www.sidwaya.info\/wp-content\/uploads\/2021\/07\/PAN-768x571.jpg 768w, https:\/\/www.sidwaya.info\/wp-content\/uploads\/2021\/07\/PAN-150x111.jpg 150w, https:\/\/www.sidwaya.info\/wp-content\/uploads\/2021\/07\/PAN-485x360.jpg 485w, https:\/\/www.sidwaya.info\/wp-content\/uploads\/2021\/07\/PAN-696x517.jpg 696w, https:\/\/www.sidwaya.info\/wp-content\/uploads\/2021\/07\/PAN-565x420.jpg 565w, https:\/\/www.sidwaya.info\/wp-content\/uploads\/2021\/07\/PAN-80x60.jpg 80w, https:\/\/www.sidwaya.info\/wp-content\/uploads\/2021\/07\/PAN-265x198.jpg 265w, https:\/\/www.sidwaya.info\/wp-content\/uploads\/2021\/07\/PAN.jpg 787w\" sizes=\"auto, (max-width: 300px) 100vw, 300px\"><figcaption id=\"caption-attachment-37145\" class=\"wp-caption-text\">Apr\u00e8s Bobo-Dioulasso, Alassane Bala Sakand\u00e9 a indiqu\u00e9 que les premi\u00e8res journ\u00e9es parlementaires se tiendront dans les autres r\u00e9gions entre les d\u00e9put\u00e9s de ces r\u00e9gions et les populations .<\/figcaption><\/figure>\n<p>Le choix de Bobo-Dioulasso pour abriter cet important \u00e9v\u00e8nement dans la vie du parlement burkinab\u00e8, aux dires de M. Sakand\u00e9, tient moins \u00e0 son rang de deuxi\u00e8me ville du pays ou son statut de capitale \u00e9conomique qu\u2019au r\u00f4le historique qu\u2019elle a jou\u00e9 dans l\u2019\u00e9volution politique de la Haute-Volta au Burkina Faso. M\u00eame si le patron du parlement a reconnu la complexit\u00e9 de rendre compte dans son adresse \u00e0 la c\u00e9r\u00e9monie d\u2019ouverture des travaux, il a estim\u00e9 que si le devoir est accompli, la mission r\u00e9ussie, rendre compte devient le socle de la confiance et du renforcement de la responsabilit\u00e9. Ainsi, pendant 72 heures, les d\u00e9put\u00e9s vont se soumettre \u00e0 une \u00e9valuation, \u00e0 un jugement et \u00e9ventuellement \u00e0 une sanction de leurs actions parlementaires. A travers des communications, le bilan partiel de la VIIIe l\u00e9gislature sera soumis \u00e0 l\u2019appr\u00e9ciation des populations afin de recueillir leurs attentes, d\u2019entendre leurs inqui\u00e9tudes et partager leurs espoirs. Au regard de son importance, le m\u00eame exercice, a inform\u00e9 Alassane Bala Sakand\u00e9, sera transport\u00e9 les jours \u00e0 venir dans les autres r\u00e9gions, mais sous d\u2019autres formats. Contrairement \u00e0 Bobo-Dioulasso, a dit M. Sakand\u00e9, les journ\u00e9es de redevabilit\u00e9 se tiendront exclusivement entre les d\u00e9put\u00e9s d\u2019une m\u00eame r\u00e9gion sans distinction de groupe parlementaire et les populations de cette circonscription territoriale.<\/p>\n<p>En marge de ces journ\u00e9es de redevabilit\u00e9, les d\u00e9put\u00e9s ont inscrit dans leur agenda une sortie sur le barrage de Samad\u00e9ni. Loin d\u2019\u00eatre une sortie touristique, cette sortie est une visite- terrain de contr\u00f4le de l\u2019action gouvernementale, a clarifi\u00e9 le pr\u00e9sident de l\u2019Assembl\u00e9e nationale. Ainsi, chaque minist\u00e8re impliqu\u00e9 dans la mise en \u0153uvre de cette infrastructure hydroagricole devra faire l\u2019\u00e9tat d\u2019ex\u00e9cution des t\u00e2ches qui lui ont \u00e9t\u00e9 d\u00e9volues aux d\u00e9put\u00e9s. La s\u00e9curisation du site, la capacit\u00e9 hydrique du barrage, la situation des personnes d\u00e9guerpies, les am\u00e9nagements agricoles, le projet de construction de routes d\u2019acc\u00e8s au barrage sont autant de points sur lesquels les ministres concern\u00e9s devraient s\u2019expliquer.<\/p>\n<p style=\"text-align: right\"><strong>\u00a0Kam\u00e9l\u00e9 FAYAMA<\/strong><\/p>\n<p>L\u2019article <a rel=\"nofollow\" href=\"https:\/\/www.sidwaya.info\/blog\/2021\/07\/01\/journees-de-redevabilite-de-lassemblee-nationale-les-deputes-soumettent-leurs-actions-a-lappreciation-des-populations\/\">Journ\u00e9es de redevabilit\u00e9 de l\u2019Assembl\u00e9e nationale : Les d\u00e9put\u00e9s  soumettent leurs actions  \u00e0 l\u2019appr\u00e9ciation des populations<\/a> est apparu en premier sur <a rel=\"nofollow\" href=\"https:\/\/www.sidwaya.info\/\">Quotidien Sidwaya<\/a>.<\/p>\n<\/div>\n<p>Auteur: JK. Sidwaya<br \/>\n<a href=\"https:\/\/www.sidwaya.info\/blog\/2021\/07\/01\/journees-de-redevabilite-de-lassemblee-nationale-les-deputes-soumettent-leurs-actions-a-lappreciation-des-populations\/\">Cliquez ici pour lire l&rsquo;article depuis sa source.<\/a><\/p>\n","protected":false},"excerpt":{"rendered":"<p>L\u2019Assembl\u00e9e nationale tient ses toutes premi\u00e8res journ\u00e9es de redevabilit\u00e9 du 1er au 4 juillet 2021 \u00e0 Bobo-Dioulasso sous le th\u00e8me \u00ab Culture de la redevabilit\u00e9, un imp\u00e9ratif pour un parlement de proximit\u00e9 \u00bb. L\u2019ouverture des travaux de ces journ\u00e9es a \u00e9t\u00e9 pr\u00e9sid\u00e9e par le Pr\u00e9sident du parlement, Alassane Bala Sakand\u00e9, en pr\u00e9sence de quatre anciens [&hellip;]<\/p>\n","protected":false},"author":1816,"featured_media":0,"comment_status":"closed","ping_status":"closed","sticky":false,"template":"","format":"standard","meta":{"fifu_image_url":"https:\/\/www.sidwaya.info\/wp-content\/uploads\/2021\/07\/PAN-300x223.jpg","fifu_image_alt":"Journ\u00e9es de redevabilit\u00e9 de l\u2019Assembl\u00e9e nationale : Les d\u00e9put\u00e9s  soumettent leurs actions  \u00e0 l\u2019appr\u00e9ciation des populations","footnotes":""},"categories":[73,81],"tags":[],"class_list":["post-120126","post","type-post","status-publish","format-standard","hentry","category-actualite","category-burkina-faso"],"_links":{"self":[{"href":"https:\/\/linitiative.ca\/International\/wp-json\/wp\/v2\/posts\/120126","targetHints":{"allow":["GET"]}}],"collection":[{"href":"https:\/\/linitiative.ca\/International\/wp-json\/wp\/v2\/posts"}],"about":[{"href":"https:\/\/linitiative.ca\/International\/wp-json\/wp\/v2\/types\/post"}],"author":[{"embeddable":true,"href":"https:\/\/linitiative.ca\/International\/wp-json\/wp\/v2\/users\/1816"}],"replies":[{"embeddable":true,"href":"https:\/\/linitiative.ca\/International\/wp-json\/wp\/v2\/comments?post=120126"}],"version-history":[{"count":0,"href":"https:\/\/linitiative.ca\/International\/wp-json\/wp\/v2\/posts\/120126\/revisions"}],"wp:attachment":[{"href":"https:\/\/linitiative.ca\/International\/wp-json\/wp\/v2\/media?parent=120126"}],"wp:term":[{"taxonomy":"category","embeddable":true,"href":"https:\/\/linitiative.ca\/International\/wp-json\/wp\/v2\/categories?post=120126"},{"taxonomy":"post_tag","embeddable":true,"href":"https:\/\/linitiative.ca\/International\/wp-json\/wp\/v2\/tags?post=120126"}],"curies":[{"name":"wp","href":"https:\/\/api.w.org\/{rel}","templated":true}]}}