{"id":120129,"date":"2021-07-01T13:38:43","date_gmt":"2021-07-01T17:38:43","guid":{"rendered":"https:\/\/linitiative.ca\/International\/cameroun-le-maire-de-yaounde-exige-une-harmonisation-des-couleurs-sur-les-edifices\/"},"modified":"2021-07-01T13:38:43","modified_gmt":"2021-07-01T17:38:43","slug":"cameroun-le-maire-de-yaounde-exige-une-harmonisation-des-couleurs-sur-les-edifices","status":"publish","type":"post","link":"https:\/\/linitiative.ca\/International\/cameroun-le-maire-de-yaounde-exige-une-harmonisation-des-couleurs-sur-les-edifices\/","title":{"rendered":"Cameroun : le maire de Yaound\u00e9 exige une harmonisation des couleurs sur les \u00e9difices"},"content":{"rendered":"<div>\n<p><img loading=\"lazy\" decoding=\"async\" width=\"850\" height=\"400\" src=\"https:\/\/linitiative.ca\/International\/wp-content\/uploads\/sites\/23\/2021\/07\/Luc-Messi-Atangana-super-maire-de-YaoundC3A9.jpg\" class=\"attachment-post-thumbnail size-post-thumbnail wp-post-image\" alt=\"\" srcset=\"https:\/\/linitiative.ca\/International\/wp-content\/uploads\/sites\/23\/2021\/07\/Luc-Messi-Atangana-super-maire-de-YaoundC3A9.jpg 850w, https:\/\/www.journalducameroun.com\/wp-content\/uploads\/2021\/07\/Luc-Messi-Atangana-super-maire-de-Yaound\u00e9-300x141.jpg 300w, https:\/\/www.journalducameroun.com\/wp-content\/uploads\/2021\/07\/Luc-Messi-Atangana-super-maire-de-Yaound\u00e9-768x361.jpg 768w, https:\/\/www.journalducameroun.com\/wp-content\/uploads\/2021\/07\/Luc-Messi-Atangana-super-maire-de-Yaound\u00e9-600x282.jpg 600w\" sizes=\"auto, (max-width: 850px) 100vw, 850px\"><\/p>\n<h5 style=\"text-align: justify;\">En pr\u00e9lude \u00e0 la CAN 2021, le super maire de la ville de la capitale invite les \u00a0occupants d&rsquo;immeubles b\u00e2tis, attenants \u00e0 tous les axes routiers de la Ville \u00e0\u00a0pendre en couleur jaune ocre ou blanche les fa\u00e7ades de leurs b\u00e2timents, immeubles.<\/h5>\n<p style=\"text-align: justify;\">\n<p style=\"text-align: justify;\">Au 30 octobre 2021, <strong>Yaound\u00e9<\/strong> devrait avoir un autre visage. Le super maire de la ville \u00a0invite les propri\u00e9taires ou occupants d&rsquo;immeubles b\u00e2tis, attenants \u00e0 tous les axes routiers de la ville \u00e0\u00a0: les peindre en couleur jaune ocre ou blanche les fa\u00e7ades de leurs b\u00e2timents, immeubles et cl\u00f4tures.<\/p>\n<p style=\"text-align: justify;\">Bien plus, <strong>Luc Messi Atangana<\/strong> leur demande \u00a0dans un communiqu\u00e9 radio-presse publi\u00e9 le 29 juin dernier, de proc\u00e9der au d\u00e9sherbage ou nettoyage syst\u00e9matique de leurs alentours. Non sans leur rappeler que le s\u00e9chage de linge est interdit sur les balcons des immeubles et des maisons.<\/p>\n<p style=\"text-align: justify;\">Ces pr\u00e9occupations vont en droite ligne de celles exprim\u00e9es par le ministre de l\u2019Administration territoriale lors de la conf\u00e9rence des gouverneurs qui s\u2019est tenue le 14 juin 2021 \u00e0 Yaound\u00e9. S\u2019adressant aux gouverneurs de r\u00e9gions,<strong> Paul Atanga Nji<\/strong> recommandait : \u00ab\u00a0<em>vous devez instruire aux Pr\u00e9fets de veiller \u00e0 ce que les bacs \u00e0 ordures m\u00e9nag\u00e8res ne soient plus visibles dans les centres urbains et sur les axes dans nos villes. C&rsquo;est une mauvaise image pour nous tous et pour ceux qui visitent notre pays. Il faut y mettre un terme. Les Pr\u00e9fets et les Sous-pr\u00e9fets doivent \u00eatre sur le terrain r\u00e9guli\u00e8rement pour assurer la propret\u00e9 de nos villes. Les Maires de villes et les Maires de communes doivent inscrire la propret\u00e9 de la cit\u00e9 dans leurs agendas quotidien, hebdomadaire et mensuel<\/em>\u00a0\u00bb.<\/p>\n<p style=\"text-align: justify;\">A propos de l&rsquo;occupation anarchique de la voie publique, le patron de l\u2019Administration territoriale regrettait que le ph\u00e9nom\u00e8ne tende \u00e0 se g\u00e9n\u00e9raliser, malgr\u00e9 les efforts d\u00e9ploy\u00e9s par les municipalit\u00e9s.<\/p>\n<p style=\"text-align: justify;\">Sachant que le pays va accueillir 23 nations \u00e0 la prochaine <strong>Coupe d\u2019Afrique<\/strong> qui va d\u00e9buter en janvier 2022, nulle doute que ces directives successives des autorit\u00e9s soient li\u00e9es \u00e0 la pr\u00e9paration de ce grand \u00e9v\u00e8nement continental.<\/p>\n<p style=\"text-align: justify;\">\n<p>Cet article <a rel=\"nofollow\" href=\"https:\/\/www.journalducameroun.com\/cameroun-le-maire-de-yaounde-exige-une-harmonisation-des-couleurs-sur-les-edifices-cameroun\/\">Cameroun : le maire de Yaound\u00e9 exige une harmonisation des couleurs sur les \u00e9difices<\/a> est apparu en premier sur <a rel=\"nofollow\" href=\"https:\/\/www.journalducameroun.com\/\">Journal du Cameroun<\/a>.<\/p>\n<\/div>\n<p>Auteur: Christian DJIMADEU<br \/>\n<a href=\"https:\/\/www.journalducameroun.com\/cameroun-le-maire-de-yaounde-exige-une-harmonisation-des-couleurs-sur-les-edifices-cameroun\/\">Cliquez ici pour lire l&rsquo;article depuis sa source.<\/a><\/p>\n","protected":false},"excerpt":{"rendered":"<p>En pr\u00e9lude \u00e0 la CAN 2021, le super maire de la ville de la capitale invite les \u00a0occupants d&rsquo;immeubles b\u00e2tis, attenants \u00e0 tous les axes routiers de la Ville \u00e0\u00a0pendre en couleur jaune ocre ou blanche les fa\u00e7ades de leurs b\u00e2timents, immeubles. Au 30 octobre 2021, Yaound\u00e9 devrait avoir un autre visage. Le super maire [&hellip;]<\/p>\n","protected":false},"author":1965,"featured_media":0,"comment_status":"closed","ping_status":"closed","sticky":false,"template":"","format":"standard","meta":{"fifu_image_url":"https:\/\/www.journalducameroun.com\/wp-content\/uploads\/2021\/07\/Luc-Messi-Atangana-super-maire-de-Yaound\u00e9.jpg","fifu_image_alt":"Cameroun : le maire de Yaound\u00e9 exige une harmonisation des couleurs sur les \u00e9difices","footnotes":""},"categories":[73,82],"tags":[],"class_list":["post-120129","post","type-post","status-publish","format-standard","hentry","category-actualite","category-cameroun"],"_links":{"self":[{"href":"https:\/\/linitiative.ca\/International\/wp-json\/wp\/v2\/posts\/120129","targetHints":{"allow":["GET"]}}],"collection":[{"href":"https:\/\/linitiative.ca\/International\/wp-json\/wp\/v2\/posts"}],"about":[{"href":"https:\/\/linitiative.ca\/International\/wp-json\/wp\/v2\/types\/post"}],"author":[{"embeddable":true,"href":"https:\/\/linitiative.ca\/International\/wp-json\/wp\/v2\/users\/1965"}],"replies":[{"embeddable":true,"href":"https:\/\/linitiative.ca\/International\/wp-json\/wp\/v2\/comments?post=120129"}],"version-history":[{"count":0,"href":"https:\/\/linitiative.ca\/International\/wp-json\/wp\/v2\/posts\/120129\/revisions"}],"wp:attachment":[{"href":"https:\/\/linitiative.ca\/International\/wp-json\/wp\/v2\/media?parent=120129"}],"wp:term":[{"taxonomy":"category","embeddable":true,"href":"https:\/\/linitiative.ca\/International\/wp-json\/wp\/v2\/categories?post=120129"},{"taxonomy":"post_tag","embeddable":true,"href":"https:\/\/linitiative.ca\/International\/wp-json\/wp\/v2\/tags?post=120129"}],"curies":[{"name":"wp","href":"https:\/\/api.w.org\/{rel}","templated":true}]}}