{"id":120131,"date":"2021-07-01T14:18:01","date_gmt":"2021-07-01T18:18:01","guid":{"rendered":"https:\/\/linitiative.ca\/International\/gbagbo-effectue-un-voyage-strictement-prive-a-kinshasa\/"},"modified":"2021-07-01T14:18:01","modified_gmt":"2021-07-01T18:18:01","slug":"gbagbo-effectue-un-voyage-strictement-prive-a-kinshasa","status":"publish","type":"post","link":"https:\/\/linitiative.ca\/International\/gbagbo-effectue-un-voyage-strictement-prive-a-kinshasa\/","title":{"rendered":"Gbagbo effectue un \u00ab\u00a0voyage strictement priv\u00e9\u00a0\u00bb \u00e0 Kinshasa"},"content":{"rendered":"<div>\n<p><img loading=\"lazy\" decoding=\"async\" width=\"800\" height=\"533\" src=\"https:\/\/linitiative.ca\/International\/wp-content\/uploads\/sites\/23\/2021\/07\/16251634826133.jpg\" class=\"attachment-post-thumbnail size-post-thumbnail wp-post-image\" alt=\"\" srcset=\"https:\/\/linitiative.ca\/International\/wp-content\/uploads\/sites\/23\/2021\/07\/16251634826133.jpg 800w, https:\/\/www.journalducameroun.com\/wp-content\/uploads\/2021\/07\/16251634826133-300x200.jpg 300w, https:\/\/www.journalducameroun.com\/wp-content\/uploads\/2021\/07\/16251634826133-768x512.jpg 768w, https:\/\/www.journalducameroun.com\/wp-content\/uploads\/2021\/07\/16251634826133-660x440.jpg 660w, https:\/\/www.journalducameroun.com\/wp-content\/uploads\/2021\/07\/16251634826133-600x400.jpg 600w\" sizes=\"auto, (max-width: 800px) 100vw, 800px\"><\/p>\n<p>L&rsquo;ancien pr\u00e9sident ivoirien, Laurent Gbagbo, effectuera un \u00ab\u00a0voyage strictement priv\u00e9\u00a0\u00bb \u00e0 Kinshasa, en RDC, du 2 au 8 juillet 2021, annonce son porte-parole, Kon\u00e9 Katinan dans un communiqu\u00e9.<\/p>\n<p>\u00ab\u00a0M. Gbagbo effectuera un voyage \u00e0 Kinshasa, en R\u00e9publique D\u00e9mocratique du \u00a0Congo (RDC) du vendredi \u00a002 juillet \u00a02021 au \u00a0jeudi 8 juillet 2021\u00a0\u00bb, indique un communiqu\u00e9 de presse sign\u00e9 par M. Katinan Kon\u00e9. \u00a0\u00a0<\/p>\n<p>Selon le porte-parole de l&rsquo;ancien pr\u00e9sident ivoirien, \u00ab\u00a0ce voyage est d&rsquo;ordre strictement priv\u00e9\u00a0\u00bb. Il prendra un vol commercial \u00e0 partir de l&rsquo;a\u00e9roport international F\u00e9lix \u00a0Houphou\u00ebt \u00a0Boigny \u00a0le \u00a0vendredi \u00a02 \u00a0juillet \u00a02021.<\/p>\n<p>Il regagnera Abidjan \u00e9galement par vol commercial le jeudi \u00a08 juillet 2021, souligne le porte-parole de M. Gbagbo, Justin Katinan Kon\u00e9.\u00a0<\/p>\n<p>La RDC est le premier pays o\u00f9 l&rsquo;ancien chef de l&rsquo;Etat ivoirien, Laurent Gbagbo, effectue un d\u00e9placement hors de son pays, depuis son retour en C\u00f4te d&rsquo;Ivoire le 17 juin 2021.<\/p>\n<p>M. Gbagbo a \u00e9t\u00e9 acquitt\u00e9 le 31 mars 2021 par la Cour p\u00e9nale internationale (CPI) \u00e0 la suite d&rsquo;un proc\u00e8s dans l&rsquo;affaire de crimes contre l&rsquo;humanit\u00e9 perp\u00e9tr\u00e9s lors des violences postelectorales ivoiriennes de 2010 \u00e0 2011.\u00a0<\/p>\n<p>Au cours de sa d\u00e9tention \u00e0 la prison de shevenwingen, \u00e0 La Haye, M. Laurent Gbagbo a rapport\u00e9 avoir eu une amiti\u00e9 avec Jean-Pierre Bemba. En outre, a-t-il fait savoir que de nombreux chefs d&rsquo;Etat l&rsquo;ont soutenu durant son s\u00e9jour carc\u00e9ral.\u00a0<\/p>\n<p>Cet article <a rel=\"nofollow\" href=\"https:\/\/www.journalducameroun.com\/gbagbo-effectue-un-voyage-strictement-prive-a-kinshasa\/\">Gbagbo effectue un \u00ab\u00a0voyage strictement priv\u00e9\u00a0\u00bb \u00e0 Kinshasa<\/a> est apparu en premier sur <a rel=\"nofollow\" href=\"https:\/\/www.journalducameroun.com\/\">Journal du Cameroun<\/a>.<\/p>\n<\/div>\n<p>Auteur: APA News<br \/>\n<a href=\"https:\/\/www.journalducameroun.com\/gbagbo-effectue-un-voyage-strictement-prive-a-kinshasa\/\">Cliquez ici pour lire l&rsquo;article depuis sa source.<\/a><\/p>\n","protected":false},"excerpt":{"rendered":"<p>L&rsquo;ancien pr\u00e9sident ivoirien, Laurent Gbagbo, effectuera un \u00ab\u00a0voyage strictement priv\u00e9\u00a0\u00bb \u00e0 Kinshasa, en RDC, du 2 au 8 juillet 2021, annonce son porte-parole, Kon\u00e9 Katinan dans un communiqu\u00e9. \u00ab\u00a0M. Gbagbo effectuera un voyage \u00e0 Kinshasa, en R\u00e9publique D\u00e9mocratique du \u00a0Congo (RDC) du vendredi \u00a002 juillet \u00a02021 au \u00a0jeudi 8 juillet 2021\u00a0\u00bb, indique un communiqu\u00e9 de [&hellip;]<\/p>\n","protected":false},"author":1965,"featured_media":0,"comment_status":"closed","ping_status":"closed","sticky":false,"template":"","format":"standard","meta":{"fifu_image_url":"https:\/\/www.journalducameroun.com\/wp-content\/uploads\/2021\/07\/16251634826133.jpg","fifu_image_alt":"Gbagbo effectue un \u00ab\u00a0voyage strictement priv\u00e9\u00a0\u00bb \u00e0 Kinshasa","footnotes":""},"categories":[73,82],"tags":[],"class_list":["post-120131","post","type-post","status-publish","format-standard","hentry","category-actualite","category-cameroun"],"_links":{"self":[{"href":"https:\/\/linitiative.ca\/International\/wp-json\/wp\/v2\/posts\/120131","targetHints":{"allow":["GET"]}}],"collection":[{"href":"https:\/\/linitiative.ca\/International\/wp-json\/wp\/v2\/posts"}],"about":[{"href":"https:\/\/linitiative.ca\/International\/wp-json\/wp\/v2\/types\/post"}],"author":[{"embeddable":true,"href":"https:\/\/linitiative.ca\/International\/wp-json\/wp\/v2\/users\/1965"}],"replies":[{"embeddable":true,"href":"https:\/\/linitiative.ca\/International\/wp-json\/wp\/v2\/comments?post=120131"}],"version-history":[{"count":0,"href":"https:\/\/linitiative.ca\/International\/wp-json\/wp\/v2\/posts\/120131\/revisions"}],"wp:attachment":[{"href":"https:\/\/linitiative.ca\/International\/wp-json\/wp\/v2\/media?parent=120131"}],"wp:term":[{"taxonomy":"category","embeddable":true,"href":"https:\/\/linitiative.ca\/International\/wp-json\/wp\/v2\/categories?post=120131"},{"taxonomy":"post_tag","embeddable":true,"href":"https:\/\/linitiative.ca\/International\/wp-json\/wp\/v2\/tags?post=120131"}],"curies":[{"name":"wp","href":"https:\/\/api.w.org\/{rel}","templated":true}]}}