{"id":120133,"date":"2021-07-01T15:18:01","date_gmt":"2021-07-01T19:18:01","guid":{"rendered":"https:\/\/linitiative.ca\/International\/traite-denfants-10-personnes-condamnees-en-cote-divoire\/"},"modified":"2021-07-01T15:18:01","modified_gmt":"2021-07-01T19:18:01","slug":"traite-denfants-10-personnes-condamnees-en-cote-divoire","status":"publish","type":"post","link":"https:\/\/linitiative.ca\/International\/traite-denfants-10-personnes-condamnees-en-cote-divoire\/","title":{"rendered":"Traite d\u2019enfants: 10 personnes condamn\u00e9es en C\u00f4te d\u2019Ivoire"},"content":{"rendered":"<div>\n<p>Quelque dix personnes reconnues coupables de traite de personnes et d\u2019enfants ont \u00e9t\u00e9 condamn\u00e9es, mercredi, \u00e0 dix ans de prison par la section du Tribunal de Bouna, dans le Nord-Est ivoirien.<\/p>\n<p>Ce verdict a \u00e9t\u00e9 donn\u00e9 par le pr\u00e9sident de la Section de Tribunal de Bouna Fr\u00e9d\u00e9ric Kohou Gbanhe apr\u00e8s un proc\u00e8s de plus de 4 heures, selon une note d\u2019information transmise \u00e0 APA, jeudi.<\/p>\n<p>Trente et un enfants burkinab\u00e8 dont l\u2019\u00e2ge varie entre 14 et 17 ans ont \u00e9t\u00e9 intercept\u00e9s dans deux v\u00e9hicules de la compagnie de transport d\u00e9nomm\u00e9e ZDT les 27 avril et 26 mai 2021 par des patrouilles mixtes des \u00e9l\u00e9ments de la gendarmerie nationale et de la police nationale, alors qu\u2019ils \u00e9taient en train d\u2019\u00eatre convoy\u00e9s dans la zone foresti\u00e8re ivoirienne, pr\u00e9cis\u00e9ment \u00e0 Adzop\u00e9. \u00a0<\/p>\n<p>\u00ab C\u2019est contraire \u00e0 ce que j\u2019avais plaid\u00e9. Je ne peux pas \u00eatre satisfait d\u2019une telle d\u00e9cision. Je pense qu\u2019elle est plus guid\u00e9e par le sensationnel que le Droit \u00bb, a d\u00e9plor\u00e9 Me Zakaria Tour\u00e9, avocat de la d\u00e9fense, promettant de faire appel pour que le proc\u00e8s se d\u00e9roule devant la Cour d\u2019appel d\u2019Abidjan.<\/p>\n<p>M. Damoi Edgar, Substitut r\u00e9sident du Procureur pr\u00e8s la Section de Tribunal de Bouna a exprim\u00e9 un satisfecit suite \u00e0 cette d\u00e9cision. Pour ce dernier, l\u2019heure est d\u00e9sormais \u00e0 la r\u00e9pression des personnes fautives de faits de trafic, traite et de travail des enfants.<\/p>\n<p>\u00ab Aujourd\u2019hui comme vous pouvez le constater, nous sommes de plain-pied dans la phase de la r\u00e9pression. Je pense que le proc\u00e8s de ce matin en est la preuve \u00e9loquente. \u00bb, a-t-il dit.<\/p>\n<p>\u00ab Nos populations doivent comprendre d\u00e9finitivement que la place de nos enfants se trouve \u00e0 l\u2019\u00e9cole et non dans les champs, les carri\u00e8res ou sur les sites d\u2019orpaillage \u00bb, a poursuivi M. Damoi, soulignant que \u00ab l\u2019Etat de C\u00f4te d\u2019Ivoire l\u2019a si bien compris qu\u2019il a rendu l\u2019\u00e9cole gratuite et obligatoire pour tous les enfants jusqu\u2019\u00e0 l\u2019\u00e2ge de seize ans \u00bb.<\/p>\n<p>Les enfants intercept\u00e9s ont \u00e9t\u00e9 reconduits dans leur pays d\u2019origine quand trente personnes suspectes \u00e0 savoir dix employ\u00e9s de la compagnie ZDT et vingt immigr\u00e9s clandestins ont \u00e9t\u00e9 mis aux arr\u00eats.<\/p>\n<p>Cet article <a rel=\"nofollow\" href=\"https:\/\/www.journalducameroun.com\/traite-denfants-10-personnes-condamnees-en-cote-divoire\/\">Traite d\u2019enfants: 10 personnes condamn\u00e9es en C\u00f4te d\u2019Ivoire<\/a> est apparu en premier sur <a rel=\"nofollow\" href=\"https:\/\/www.journalducameroun.com\/\">Journal du Cameroun<\/a>.<\/p>\n<\/div>\n<p>Auteur: APA News<br \/>\n<a href=\"https:\/\/www.journalducameroun.com\/traite-denfants-10-personnes-condamnees-en-cote-divoire\/\">Cliquez ici pour lire l&rsquo;article depuis sa source.<\/a><\/p>\n","protected":false},"excerpt":{"rendered":"<p>Quelque dix personnes reconnues coupables de traite de personnes et d\u2019enfants ont \u00e9t\u00e9 condamn\u00e9es, mercredi, \u00e0 dix ans de prison par la section du Tribunal de Bouna, dans le Nord-Est ivoirien. Ce verdict a \u00e9t\u00e9 donn\u00e9 par le pr\u00e9sident de la Section de Tribunal de Bouna Fr\u00e9d\u00e9ric Kohou Gbanhe apr\u00e8s un proc\u00e8s de plus de [&hellip;]<\/p>\n","protected":false},"author":1965,"featured_media":0,"comment_status":"closed","ping_status":"closed","sticky":false,"template":"","format":"standard","meta":{"fifu_image_url":"","fifu_image_alt":"","footnotes":""},"categories":[73,82],"tags":[],"class_list":["post-120133","post","type-post","status-publish","format-standard","hentry","category-actualite","category-cameroun"],"_links":{"self":[{"href":"https:\/\/linitiative.ca\/International\/wp-json\/wp\/v2\/posts\/120133","targetHints":{"allow":["GET"]}}],"collection":[{"href":"https:\/\/linitiative.ca\/International\/wp-json\/wp\/v2\/posts"}],"about":[{"href":"https:\/\/linitiative.ca\/International\/wp-json\/wp\/v2\/types\/post"}],"author":[{"embeddable":true,"href":"https:\/\/linitiative.ca\/International\/wp-json\/wp\/v2\/users\/1965"}],"replies":[{"embeddable":true,"href":"https:\/\/linitiative.ca\/International\/wp-json\/wp\/v2\/comments?post=120133"}],"version-history":[{"count":0,"href":"https:\/\/linitiative.ca\/International\/wp-json\/wp\/v2\/posts\/120133\/revisions"}],"wp:attachment":[{"href":"https:\/\/linitiative.ca\/International\/wp-json\/wp\/v2\/media?parent=120133"}],"wp:term":[{"taxonomy":"category","embeddable":true,"href":"https:\/\/linitiative.ca\/International\/wp-json\/wp\/v2\/categories?post=120133"},{"taxonomy":"post_tag","embeddable":true,"href":"https:\/\/linitiative.ca\/International\/wp-json\/wp\/v2\/tags?post=120133"}],"curies":[{"name":"wp","href":"https:\/\/api.w.org\/{rel}","templated":true}]}}