{"id":120135,"date":"2021-07-01T17:18:02","date_gmt":"2021-07-01T21:18:02","guid":{"rendered":"https:\/\/linitiative.ca\/International\/cote-divoire-127-milliard-fcfa-de-lue-au-profit-de-51-ong\/"},"modified":"2021-07-01T17:18:02","modified_gmt":"2021-07-01T21:18:02","slug":"cote-divoire-127-milliard-fcfa-de-lue-au-profit-de-51-ong","status":"publish","type":"post","link":"https:\/\/linitiative.ca\/International\/cote-divoire-127-milliard-fcfa-de-lue-au-profit-de-51-ong\/","title":{"rendered":"C\u00f4te d\u2019Ivoire: 1,27 milliard Fcfa de l\u2019UE au profit de 51 ONG"},"content":{"rendered":"<div>\n<p><img loading=\"lazy\" decoding=\"async\" width=\"512\" height=\"341\" src=\"https:\/\/linitiative.ca\/International\/wp-content\/uploads\/sites\/23\/2021\/07\/16251742831560.jpg\" class=\"attachment-post-thumbnail size-post-thumbnail wp-post-image\" alt=\"\" srcset=\"https:\/\/linitiative.ca\/International\/wp-content\/uploads\/sites\/23\/2021\/07\/16251742831560.jpg 512w, https:\/\/www.journalducameroun.com\/wp-content\/uploads\/2021\/07\/16251742831560-300x200.jpg 300w\" sizes=\"auto, (max-width: 512px) 100vw, 512px\"><\/p>\n<p>Des subventions d&rsquo;un volume de 1,275 milliard Fcfa au profit de 51 structures associatives ivoiriennes, octroy\u00e9es par l&rsquo;Union europ\u00e9enne (UE), ont \u00e9t\u00e9 lanc\u00e9es jeudi au Centre pilote de la mairie de Port-Bou\u00ebt, une cit\u00e9 baln\u00e9aire dans le Sud d&rsquo;Abidjan.<\/p>\n<p>Ces subventions interviennent dans le cadre du projet Leadership et initiatives des acteurs non \u00e9tatiques (LIANE 2), financ\u00e9 par l&rsquo;Union europ\u00e9enne (UE). Elles ont \u00e9t\u00e9 lanc\u00e9es \u00e0 l&rsquo;occasion du 4e Comit\u00e9 de pilotage du projet LIANE.<\/p>\n<p>Les organisations b\u00e9n\u00e9ficiaires ont \u00e9t\u00e9 notamment retenues \u00e0 la suite d&rsquo;un appel \u00e0 proposition du projet LIANE 2, financ\u00e9 en moyenne \u00e0 hauteur de 25 millions de Fcfa, au profit de b\u00e9n\u00e9ficiaires r\u00e9partis dans tout le pays.<\/p>\n<p>Les subventions viennent notamment renforcer le r\u00f4le des associations dans l&rsquo;accompagnement et l&rsquo;interpellation des politiques publiques (environnement, acc\u00e8s aux droits, sant\u00e9, foncier, gestion des d\u00e9chets, fili\u00e8res agricoles).<\/p>\n<p>\u00ab\u00a0Actuellement, il y a 51 projets, globalement on a dit qu&rsquo;on fait beaucoup plus de petits projets parce qu&rsquo;on a vu que ce n&rsquo;est pas seulement les grands projets qui font la diff\u00e9rence\u00a0\u00bb, mais beaucoup de petits projets aussi, a dit l&rsquo;ambassadeur de l&rsquo;UE en C\u00f4te d&rsquo;Ivoire, Jobst Von Kirchmann. \u00a0<\/p>\n<p>L&rsquo;ambassadeur de l&rsquo;UE a soulign\u00e9 que les questions relatives \u00e0 l&rsquo;environnement sont une \u00ab\u00a0priorit\u00e9\u00a0\u00bb pour l&rsquo;institution et les actions du gouvernement doivent s&rsquo;inscrire dans cette optique. Pour les entreprises, tous les aspects de la cha\u00eene de valeur doivent pr\u00e9server l&rsquo;environnement.<\/p>\n<p>Le deuxi\u00e8me adjoint au maire de Port-Bou\u00ebt, Aka Anodjo, a fait savoir que la commune compte 30 Km de bordure de mer et conna\u00eet une avanc\u00e9e de l&rsquo;\u00e9rosion de ses c\u00f4tes. Cette probl\u00e9matique est d&rsquo;ailleurs adress\u00e9e dans le cadre d&rsquo;un projet.<\/p>\n<p>Le long des c\u00f4tes, une association collecte les d\u00e9chets plastiques qui devraient \u00e0 terme \u00eatre transform\u00e9s pour fabriquer des pav\u00e9s aux fins de bitumer certaines rues de la cit\u00e9, surtout au niveau des habitats pr\u00e9caires estim\u00e9s \u00e0 40%.<\/p>\n<p>A c\u00f4t\u00e9s des th\u00e9matiques centrales, les questions de discrimination li\u00e9es au genre arrivent en seconde position, transversalement \u00e0 l&rsquo;environnement. Plusieurs micro-initiatives travaillent sur ces sujets dont les activit\u00e9s sont visibles.<\/p>\n<p>Cet article <a rel=\"nofollow\" href=\"https:\/\/www.journalducameroun.com\/cote-divoire-127-milliard-fcfa-de-lue-au-profit-de-51-ong\/\">C\u00f4te d\u2019Ivoire: 1,27 milliard Fcfa de l\u2019UE au profit de 51 ONG<\/a> est apparu en premier sur <a rel=\"nofollow\" href=\"https:\/\/www.journalducameroun.com\/\">Journal du Cameroun<\/a>.<\/p>\n<\/div>\n<p>Auteur: APA News<br \/>\n<a href=\"https:\/\/www.journalducameroun.com\/cote-divoire-127-milliard-fcfa-de-lue-au-profit-de-51-ong\/\">Cliquez ici pour lire l&rsquo;article depuis sa source.<\/a><\/p>\n","protected":false},"excerpt":{"rendered":"<p>Des subventions d&rsquo;un volume de 1,275 milliard Fcfa au profit de 51 structures associatives ivoiriennes, octroy\u00e9es par l&rsquo;Union europ\u00e9enne (UE), ont \u00e9t\u00e9 lanc\u00e9es jeudi au Centre pilote de la mairie de Port-Bou\u00ebt, une cit\u00e9 baln\u00e9aire dans le Sud d&rsquo;Abidjan. Ces subventions interviennent dans le cadre du projet Leadership et initiatives des acteurs non \u00e9tatiques (LIANE [&hellip;]<\/p>\n","protected":false},"author":1965,"featured_media":0,"comment_status":"closed","ping_status":"closed","sticky":false,"template":"","format":"standard","meta":{"fifu_image_url":"https:\/\/www.journalducameroun.com\/wp-content\/uploads\/2021\/07\/16251742831560.jpg","fifu_image_alt":"C\u00f4te d\u2019Ivoire: 1,27 milliard Fcfa de l\u2019UE au profit de 51 ONG","footnotes":""},"categories":[73,82],"tags":[],"class_list":["post-120135","post","type-post","status-publish","format-standard","hentry","category-actualite","category-cameroun"],"_links":{"self":[{"href":"https:\/\/linitiative.ca\/International\/wp-json\/wp\/v2\/posts\/120135","targetHints":{"allow":["GET"]}}],"collection":[{"href":"https:\/\/linitiative.ca\/International\/wp-json\/wp\/v2\/posts"}],"about":[{"href":"https:\/\/linitiative.ca\/International\/wp-json\/wp\/v2\/types\/post"}],"author":[{"embeddable":true,"href":"https:\/\/linitiative.ca\/International\/wp-json\/wp\/v2\/users\/1965"}],"replies":[{"embeddable":true,"href":"https:\/\/linitiative.ca\/International\/wp-json\/wp\/v2\/comments?post=120135"}],"version-history":[{"count":0,"href":"https:\/\/linitiative.ca\/International\/wp-json\/wp\/v2\/posts\/120135\/revisions"}],"wp:attachment":[{"href":"https:\/\/linitiative.ca\/International\/wp-json\/wp\/v2\/media?parent=120135"}],"wp:term":[{"taxonomy":"category","embeddable":true,"href":"https:\/\/linitiative.ca\/International\/wp-json\/wp\/v2\/categories?post=120135"},{"taxonomy":"post_tag","embeddable":true,"href":"https:\/\/linitiative.ca\/International\/wp-json\/wp\/v2\/tags?post=120135"}],"curies":[{"name":"wp","href":"https:\/\/api.w.org\/{rel}","templated":true}]}}