{"id":120137,"date":"2021-07-01T13:03:28","date_gmt":"2021-07-01T17:03:28","guid":{"rendered":"https:\/\/linitiative.ca\/International\/le-pak-renouvelle-son-accord-avec-port-of-antwerp-international\/"},"modified":"2021-07-01T13:03:28","modified_gmt":"2021-07-01T17:03:28","slug":"le-pak-renouvelle-son-accord-avec-port-of-antwerp-international","status":"publish","type":"post","link":"https:\/\/linitiative.ca\/International\/le-pak-renouvelle-son-accord-avec-port-of-antwerp-international\/","title":{"rendered":"Le PAK renouvelle son accord avec Port of Antwerp International"},"content":{"rendered":"<div>\n<p>Le Port autonome de Kribi et Port of Antwerp International (PAI) sont \u00e0 nouveau li\u00e9s pour trois ans par un protocole d\u2019accord. Le document a \u00e9t\u00e9 paraph\u00e9 ce jeudi, 1er juillet 2021 \u00abpar visioconf\u00e9rence\u00bb par Patrice MELOM, Directeur g\u00e9n\u00e9ral du Port Autonome de Kribi (PAK) et Kristof WATERSCHOOT, Directeur G\u00e9n\u00e9ral de Port of Antwerp International(PAI).\u00a0Le nouvel accord ouvre la voie \u00e0 une coop\u00e9ration plus large. En plus du \u00a0marketing et du d\u00e9veloppement des affaires, sur lesquels reposait l\u2019accord sign\u00e9 en 2018, trois points s\u2019ajoutent.<\/p>\n<p>L\u2019accompagnement et le conseil dans la planification, le d\u00e9veloppement, l\u2019am\u00e9nagement et la\u00a0construction des infrastructures portuaires et des plateformes logistiques et industrielles; la promotion en vue de l\u2019\u00e9tablissement d\u2019entreprises int\u00e9ress\u00e9es \u00e0 op\u00e9rer simultan\u00e9ment dans les deux Ports et dans leurs Zones d\u2019Activit\u00e9s respectives; et la promotion aupr\u00e8s des lignes maritimes dans le but de densifier les \u00e9changes commerciaux et\u00a0les trafics entre les deux ports.<\/p>\n<p>Selon le Port Autonome de Kribi, cette d\u00e9cision d\u2019\u00e9largir la planche de coop\u00e9ration est prise en \u00abconsid\u00e9rant la mont\u00e9e en puissance du port de Kribi et la longue exp\u00e9rience et l\u2019expertise\u00a0av\u00e9r\u00e9e du Port d\u2019Anvers, 2\u00e8me Port europ\u00e9en, par ailleurs sp\u00e9cialis\u00e9 dans la consultance, la gestion<br \/>portuaire et les investissements dans des projets portuaires d\u2019outre-mer\u00bb.\u00a0Le nouvel Accord de coop\u00e9ration est d\u00e9sormais op\u00e9rationnel et court \u00e0 nouveau pour une dur\u00e9e de trois ans. Il arrivera \u00e0 expiration en 2024.<\/p>\n<p>L\u2019article <a rel=\"nofollow\" href=\"https:\/\/ecomatin.net\/le-pak-renouvelle-son-accord-avec-port-of-antwerp-international\/\">Le PAK renouvelle son accord avec Port of Antwerp International<\/a> est apparu en premier sur <a rel=\"nofollow\" href=\"https:\/\/ecomatin.net\/\">EcoMatin<\/a>.<\/p>\n<\/div>\n<p>Auteur: Franck KUN<br \/>\n<a href=\"https:\/\/ecomatin.net\/le-pak-renouvelle-son-accord-avec-port-of-antwerp-international\/\">Cliquez ici pour lire l&rsquo;article depuis sa source.<\/a><\/p>\n","protected":false},"excerpt":{"rendered":"<p>Le Port autonome de Kribi et Port of Antwerp International (PAI) sont \u00e0 nouveau li\u00e9s pour trois ans par un protocole d\u2019accord. Le document a \u00e9t\u00e9 paraph\u00e9 ce jeudi, 1er juillet 2021 \u00abpar visioconf\u00e9rence\u00bb par Patrice MELOM, Directeur g\u00e9n\u00e9ral du Port Autonome de Kribi (PAK) et Kristof WATERSCHOOT, Directeur G\u00e9n\u00e9ral de Port of Antwerp International(PAI).\u00a0Le [&hellip;]<\/p>\n","protected":false},"author":1969,"featured_media":0,"comment_status":"closed","ping_status":"closed","sticky":false,"template":"","format":"standard","meta":{"fifu_image_url":"","fifu_image_alt":"","footnotes":""},"categories":[82,78],"tags":[],"class_list":["post-120137","post","type-post","status-publish","format-standard","hentry","category-cameroun","category-economie"],"_links":{"self":[{"href":"https:\/\/linitiative.ca\/International\/wp-json\/wp\/v2\/posts\/120137","targetHints":{"allow":["GET"]}}],"collection":[{"href":"https:\/\/linitiative.ca\/International\/wp-json\/wp\/v2\/posts"}],"about":[{"href":"https:\/\/linitiative.ca\/International\/wp-json\/wp\/v2\/types\/post"}],"author":[{"embeddable":true,"href":"https:\/\/linitiative.ca\/International\/wp-json\/wp\/v2\/users\/1969"}],"replies":[{"embeddable":true,"href":"https:\/\/linitiative.ca\/International\/wp-json\/wp\/v2\/comments?post=120137"}],"version-history":[{"count":0,"href":"https:\/\/linitiative.ca\/International\/wp-json\/wp\/v2\/posts\/120137\/revisions"}],"wp:attachment":[{"href":"https:\/\/linitiative.ca\/International\/wp-json\/wp\/v2\/media?parent=120137"}],"wp:term":[{"taxonomy":"category","embeddable":true,"href":"https:\/\/linitiative.ca\/International\/wp-json\/wp\/v2\/categories?post=120137"},{"taxonomy":"post_tag","embeddable":true,"href":"https:\/\/linitiative.ca\/International\/wp-json\/wp\/v2\/tags?post=120137"}],"curies":[{"name":"wp","href":"https:\/\/api.w.org\/{rel}","templated":true}]}}