{"id":120140,"date":"2021-07-01T13:45:02","date_gmt":"2021-07-01T17:45:02","guid":{"rendered":"https:\/\/linitiative.ca\/International\/bertoua-limplantation-du-super-marche-spar-se-precise\/"},"modified":"2021-07-01T13:45:02","modified_gmt":"2021-07-01T17:45:02","slug":"bertoua-limplantation-du-super-marche-spar-se-precise","status":"publish","type":"post","link":"https:\/\/linitiative.ca\/International\/bertoua-limplantation-du-super-marche-spar-se-precise\/","title":{"rendered":"Bertoua : l\u2019implantation du super march\u00e9 SPAR se pr\u00e9cise"},"content":{"rendered":"<div>\n<p>Si tout se passe sans\u00a0heurt,\u00a0le\u00a0supermarch\u00e9\u00a0SPAR sera op\u00e9rationnel dans la ville de Bertoua,\u00a0chef-lieu\u00a0de la r\u00e9gion de l\u2019Est dans 10 mois. Cette assurance a \u00e9t\u00e9 donn\u00e9e par le groupement d\u2019entreprises ATRIUM-SPAR au cours de la c\u00e9r\u00e9monie de pose de la premi\u00e8re pierre des travaux de construction du centre commercial de Bertoua par le gouverneur de l\u2019Est, Gr\u00e9goire Mvongo, le 29 juin 2021. C\u2019\u00e9tait au lieu dit ancien minist\u00e8re de soya et gare routi\u00e8re. Il s\u2019agit en effet d\u2019un investissement d\u2019environ 1.133. 000\u00a0.000 F. De ce montant, 533 millions F seront investis pour la construction du centre commercial par les fonds C2D capitales r\u00e9gionales financ\u00e9s par l\u2019Agence fran\u00e7aise de d\u00e9veloppement (l\u2019AFD) tandis que le super march\u00e9 SPAR sera construit avec un montant \u00e9valu\u00e9\u00a0\u00a0\u00e0 environ 600 millions F et financ\u00e9 sur fonds propres par le groupement d\u2019entreprises ATRIUM-SPAR. Tel que pr\u00e9sent\u00e9 par Paul Alain Gbaman Dogoua, coordonnateur de la cellule locale du C2D, le centre commercial moderne aura des boutiques de vente des produits vivriers, des espaces pour la vente du poisson et la viande brais\u00e9, une mini gare routi\u00e8re, un magasin de stockage des marchandises et un parking s\u00e9curis\u00e9.<\/p>\n<p>Rappelons que l\u2019implantation du supermarch\u00e9 SPAR est le fruit d\u2019une convention dans le cadre du partenariat public-priv\u00e9 sign\u00e9e le 1<sup>er<\/sup>\u00a0avril 2021 \u00e0 Douala entre le maire de la ville de Bertoua, Jean Marie Dimb\u00e9l\u00e9 Sod\u00e9a et Rakesh Panjabi, directeur g\u00e9n\u00e9ral de SPAR Cameroon, promoteur des supermarch\u00e9s l\u2019Atrium. Par ailleurs, cet investissement \u00a0va cr\u00e9er plus de 100 emplois directs dont 50% des postes d\u2019apr\u00e8s la convention sign\u00e9 en avril seront r\u00e9serv\u00e9s aux ressortissants de la r\u00e9gion de l\u2019Est. Il va aussi participer \u00e0 l\u2019embellissement de la ville actuellement en chantier avec les projets d\u2019am\u00e9nagement de la voirie urbaine et les infrastructures socio\u00e9conomiques dans le cadre du programme C2D capitales r\u00e9gionales en cours d\u2019ex\u00e9cution, financ\u00e9 par l\u2019Agence fran\u00e7aise de d\u00e9veloppement (l\u2019AFD). \u00a0<\/p>\n<p><strong>Martin Foula\u00a0 \u00a0<\/strong><\/p>\n<p>L\u2019article <a rel=\"nofollow\" href=\"https:\/\/ecomatin.net\/bertoua-limplantationn-du-superr-marche-spar-se-precise\/\">Bertoua : l\u2019implantation du super march\u00e9 SPAR se pr\u00e9cise<\/a> est apparu en premier sur <a rel=\"nofollow\" href=\"https:\/\/ecomatin.net\/\">EcoMatin<\/a>.<\/p>\n<\/div>\n<p>Auteur: EcoMatin<br \/>\n<a href=\"https:\/\/ecomatin.net\/bertoua-limplantationn-du-superr-marche-spar-se-precise\/\">Cliquez ici pour lire l&rsquo;article depuis sa source.<\/a><\/p>\n","protected":false},"excerpt":{"rendered":"<p>Si tout se passe sans\u00a0heurt,\u00a0le\u00a0supermarch\u00e9\u00a0SPAR sera op\u00e9rationnel dans la ville de Bertoua,\u00a0chef-lieu\u00a0de la r\u00e9gion de l\u2019Est dans 10 mois. Cette assurance a \u00e9t\u00e9 donn\u00e9e par le groupement d\u2019entreprises ATRIUM-SPAR au cours de la c\u00e9r\u00e9monie de pose de la premi\u00e8re pierre des travaux de construction du centre commercial de Bertoua par le gouverneur de l\u2019Est, Gr\u00e9goire [&hellip;]<\/p>\n","protected":false},"author":1969,"featured_media":0,"comment_status":"closed","ping_status":"closed","sticky":false,"template":"","format":"standard","meta":{"fifu_image_url":"","fifu_image_alt":"","footnotes":""},"categories":[82,78],"tags":[],"class_list":["post-120140","post","type-post","status-publish","format-standard","hentry","category-cameroun","category-economie"],"_links":{"self":[{"href":"https:\/\/linitiative.ca\/International\/wp-json\/wp\/v2\/posts\/120140","targetHints":{"allow":["GET"]}}],"collection":[{"href":"https:\/\/linitiative.ca\/International\/wp-json\/wp\/v2\/posts"}],"about":[{"href":"https:\/\/linitiative.ca\/International\/wp-json\/wp\/v2\/types\/post"}],"author":[{"embeddable":true,"href":"https:\/\/linitiative.ca\/International\/wp-json\/wp\/v2\/users\/1969"}],"replies":[{"embeddable":true,"href":"https:\/\/linitiative.ca\/International\/wp-json\/wp\/v2\/comments?post=120140"}],"version-history":[{"count":0,"href":"https:\/\/linitiative.ca\/International\/wp-json\/wp\/v2\/posts\/120140\/revisions"}],"wp:attachment":[{"href":"https:\/\/linitiative.ca\/International\/wp-json\/wp\/v2\/media?parent=120140"}],"wp:term":[{"taxonomy":"category","embeddable":true,"href":"https:\/\/linitiative.ca\/International\/wp-json\/wp\/v2\/categories?post=120140"},{"taxonomy":"post_tag","embeddable":true,"href":"https:\/\/linitiative.ca\/International\/wp-json\/wp\/v2\/tags?post=120140"}],"curies":[{"name":"wp","href":"https:\/\/api.w.org\/{rel}","templated":true}]}}