{"id":120144,"date":"2021-07-02T10:46:52","date_gmt":"2021-07-02T14:46:52","guid":{"rendered":"https:\/\/linitiative.ca\/International\/technologies-vertes-iresen-lance-un-site-web-pour-les-marocains-du-monde\/"},"modified":"2021-07-02T10:46:52","modified_gmt":"2021-07-02T14:46:52","slug":"technologies-vertes-iresen-lance-un-site-web-pour-les-marocains-du-monde","status":"publish","type":"post","link":"https:\/\/linitiative.ca\/International\/technologies-vertes-iresen-lance-un-site-web-pour-les-marocains-du-monde\/","title":{"rendered":"Technologies vertes\u00a0: Iresen lance un site web pour les Marocains du Monde"},"content":{"rendered":"<div>\n<p><img decoding=\"async\" width=\"300\" height=\"153\" src=\"https:\/\/linitiative.ca\/International\/wp-content\/uploads\/sites\/23\/2021\/07\/iresen-300x153-1.jpg\" class=\"attachment-medium size-medium wp-post-image\" alt=\"\" loading=\"lazy\" srcset=\"\/\/aujourdhui.ma\/wp-content\/uploads\/2021\/07\/iresen-300x153.jpg 300w, \/\/aujourdhui.ma\/wp-content\/uploads\/2021\/07\/iresen-274x140.jpg 274w, \/\/aujourdhui.ma\/wp-content\/uploads\/2021\/07\/iresen.jpg 746w, \/\/aujourdhui.ma\/wp-content\/uploads\/2021\/07\/iresen-165x84.jpg 165w, \/\/aujourdhui.ma\/wp-content\/uploads\/2021\/07\/iresen-702x358.jpg 702w\" sizes=\"auto, (max-width: 300px) 100vw, 300px\"><\/p>\n<p><span style=\"font-size: 18px; color: #800000;\"><strong>Iresen vient de mettre en place une plateforme innovante d\u00e9di\u00e9e aux Marocains du Monde experts en technologies vertes.<\/strong> <\/span><span id=\"more-380705\"><\/span><\/p>\n<p>Cette initiative baptis\u00e9e \u00ab\u00a0Green MDM\u00a0\u00bb donne suite \u00e0 la C\u00e9r\u00e9monie de pr\u00e9sentation du programme de mobilisation des comp\u00e9tences dans le domaine des technologies vertes organis\u00e9e en mars dernier. L\u2019objectif \u00e9tant de faciliter et de catalyser la dynamique de transfert de savoir et de savoir-faire dans le domaine des \u00e9nergies renouvelables et en optimiser l\u2019impact sur l\u2019\u00e9conomie nationale. Il s\u2019agit de cr\u00e9er \u00ab\u00a0des synergies entre les Marocains du monde (MDM), dans le domaine des \u00e9nergies renouvelables et des technologies vertes pour contribuer au d\u00e9veloppement durable de notre pays et \u00e0 l\u2019atteinte de nos objectifs de transition \u00e9nerg\u00e9tique et aussi de renforcer la contribution des Marocains du monde dans le chantier de la mise en \u0153uvre du nouveau mod\u00e8le de d\u00e9veloppement pr\u00e9sent\u00e9 \u00e0 Sa Majest\u00e9 le Roi le 25 Mai 2021 \u00e0 F\u00e8s\u00a0\u00bb, explique Iresen dans un communiqu\u00e9.<\/p>\n<p>Ce site web offre de multiples informations sur le programme et ses diff\u00e9rents volets d\u2019interventions. \u00ab\u00a0\u00c9l\u00e9ment central du programme, le site permet d\u2019acc\u00e9der \u00e0 la base de donn\u00e9es GreenCONNECT qui r\u00e9pertorie l\u2019expertise des Marocains du monde op\u00e9rant dans les \u00e9nergies propres, avec plus de 200 experts identifi\u00e9s. Cette base permet de mettre en avant l\u2019expertise des Marocains du monde notamment gr\u00e2ce \u00e0 des capsules vid\u00e9os dans lesquelles les experts pr\u00e9sentent leur parcours et leur expertise\u00a0\u00bb, rel\u00e8ve la m\u00eame source ajoutant que cette plateforme contribuera au d\u00e9veloppement d\u2019un espace international de partage et de cr\u00e9ation entre les experts marocains du monde, en faveur d\u2019un Maroc plus innovant, plus vert et plus prosp\u00e8re. De ce fait, les Marocains du Monde participeront au renforcement des capacit\u00e9s dans le domaine de la recherche et l\u2019innovation au Maroc.<\/p>\n<p>Ce site web permet aussi de donner un \u00e9clairage sur diff\u00e9rentes composantes du programme. On y trouve : le Green AWARD qui est un concours dont l\u2019objectif serait d\u2019identifier et r\u00e9compenser les marocains du monde porteurs de projets en lien avec les technologies vertes et ayant un impact au Maroc ainsi que le Green MENTOR qui vise \u00e0 mettre en relation des experts MDM et des communaut\u00e9s scientifiques et acad\u00e9miques Marocaines. Ainsi, le mentor identifi\u00e9 comme l\u2019expert MDM offrira son soutien aux mentor\u00e9s en leur transmettant des connaissances, des ressources et des conseils dans le but de les aider \u00e0 renforcer leurs comp\u00e9tences et le d\u00e9veloppement de leurs projets.\u00a0 Les activit\u00e9s du programme englobent, \u00e9galement, le GreenMDM SUMMIT. Il s\u2019agit de la rencontre phare du programme. Celle-ci r\u00e9unira les Marocains du monde op\u00e9rant dans l\u2019\u00e9cosyst\u00e8me de l\u2019innovation et des technologies vertes. Chercheurs, investisseurs, entrepreneurs, industriels et d\u00e9cideurs du domaine se r\u00e9unissent \u00e0 travers des panels, des sessions de r\u00e9flexion et de networking pour cr\u00e9er les ponts n\u00e9cessaires \u00e0 la valorisation des technologies propres. La premi\u00e8re \u00e9dition du GreenMDM SUMMIT se tiendra du 1er au 3 d\u00e9cembre 2021 \u00e0 Marrakech.<\/p>\n<p>Ce n\u2019est pas tout. Ce programme compte aussi l\u2019initiative GreenBOOKS qui vise \u00e0 accompagner et financer les experts MDM pour la publication et l\u2019\u00e9dition de livres scientifiques dans le domaine des \u00e9nergies renouvelables et des technologies vertes.\u00a0 Ce site est actuellement en ligne est disponible sur le lien :\u00a0<span style=\"color: #0000ff;\"><strong><a style=\"color: #0000ff;\" href=\"http:\/\/www.greenmdm.ma\/\">www.greenmdm.ma<\/a><\/strong><\/span>. Notons que ce projet a \u00e9t\u00e9 r\u00e9alis\u00e9 avec le soutien du Minist\u00e8re de l\u2019\u00c9nergie, des Mines et de l\u2019Environnement et le Minist\u00e8re d\u00e9l\u00e9gu\u00e9 charg\u00e9 des Marocains R\u00e9sidant \u00e0 l\u2019Etranger<em>.<\/em><\/p>\n<\/div>\n<p>Auteur: ALM<br \/>\n<a href=\"https:\/\/aujourdhui.ma\/actualite\/technologies-vertes-iresen-lance-un-site-web-pour-les-marocains-du-monde\">Cliquez ici pour lire l&rsquo;article depuis sa source.<\/a><\/p>\n","protected":false},"excerpt":{"rendered":"<p>Iresen vient de mettre en place une plateforme innovante d\u00e9di\u00e9e aux Marocains du Monde experts en technologies vertes. Cette initiative baptis\u00e9e \u00ab\u00a0Green MDM\u00a0\u00bb donne suite \u00e0 la C\u00e9r\u00e9monie de pr\u00e9sentation du programme de mobilisation des comp\u00e9tences dans le domaine des technologies vertes organis\u00e9e en mars dernier. L\u2019objectif \u00e9tant de faciliter et de catalyser la dynamique [&hellip;]<\/p>\n","protected":false},"author":1759,"featured_media":0,"comment_status":"closed","ping_status":"closed","sticky":false,"template":"","format":"standard","meta":{"fifu_image_url":"https:\/\/aujourdhui.ma\/wp-content\/uploads\/2021\/07\/iresen-300x153.jpg","fifu_image_alt":"Technologies vertes\u00a0: Iresen lance un site web pour les Marocains du Monde","footnotes":""},"categories":[73,54],"tags":[],"class_list":["post-120144","post","type-post","status-publish","format-standard","hentry","category-actualite","category-maroc"],"_links":{"self":[{"href":"https:\/\/linitiative.ca\/International\/wp-json\/wp\/v2\/posts\/120144","targetHints":{"allow":["GET"]}}],"collection":[{"href":"https:\/\/linitiative.ca\/International\/wp-json\/wp\/v2\/posts"}],"about":[{"href":"https:\/\/linitiative.ca\/International\/wp-json\/wp\/v2\/types\/post"}],"author":[{"embeddable":true,"href":"https:\/\/linitiative.ca\/International\/wp-json\/wp\/v2\/users\/1759"}],"replies":[{"embeddable":true,"href":"https:\/\/linitiative.ca\/International\/wp-json\/wp\/v2\/comments?post=120144"}],"version-history":[{"count":0,"href":"https:\/\/linitiative.ca\/International\/wp-json\/wp\/v2\/posts\/120144\/revisions"}],"wp:attachment":[{"href":"https:\/\/linitiative.ca\/International\/wp-json\/wp\/v2\/media?parent=120144"}],"wp:term":[{"taxonomy":"category","embeddable":true,"href":"https:\/\/linitiative.ca\/International\/wp-json\/wp\/v2\/categories?post=120144"},{"taxonomy":"post_tag","embeddable":true,"href":"https:\/\/linitiative.ca\/International\/wp-json\/wp\/v2\/tags?post=120144"}],"curies":[{"name":"wp","href":"https:\/\/api.w.org\/{rel}","templated":true}]}}