{"id":120146,"date":"2021-07-02T11:00:10","date_gmt":"2021-07-02T15:00:10","guid":{"rendered":"https:\/\/linitiative.ca\/International\/mohamed-hammouda-je-chanterai-en-egyptien-pour-le-maroc\/"},"modified":"2021-07-02T11:00:10","modified_gmt":"2021-07-02T15:00:10","slug":"mohamed-hammouda-je-chanterai-en-egyptien-pour-le-maroc","status":"publish","type":"post","link":"https:\/\/linitiative.ca\/International\/mohamed-hammouda-je-chanterai-en-egyptien-pour-le-maroc\/","title":{"rendered":"Mohamed Hammouda : \u00abJe chanterai en \u00e9gyptien pour le Maroc\u00bb"},"content":{"rendered":"<div>\n<p><img decoding=\"async\" width=\"300\" height=\"153\" src=\"https:\/\/linitiative.ca\/International\/wp-content\/uploads\/sites\/23\/2021\/07\/Mohamed-Hammouda-300x153-1.jpg\" class=\"attachment-medium size-medium wp-post-image\" alt=\"\" loading=\"lazy\" srcset=\"\/\/aujourdhui.ma\/wp-content\/uploads\/2021\/07\/Mohamed-Hammouda-300x153.jpg 300w, \/\/aujourdhui.ma\/wp-content\/uploads\/2021\/07\/Mohamed-Hammouda-274x140.jpg 274w, \/\/aujourdhui.ma\/wp-content\/uploads\/2021\/07\/Mohamed-Hammouda.jpg 746w, \/\/aujourdhui.ma\/wp-content\/uploads\/2021\/07\/Mohamed-Hammouda-165x84.jpg 165w, \/\/aujourdhui.ma\/wp-content\/uploads\/2021\/07\/Mohamed-Hammouda-702x358.jpg 702w\" sizes=\"auto, (max-width: 300px) 100vw, 300px\"><\/p>\n<p><span style=\"color: #800000;\"><strong>Entretien avec Mohamed Hammouda, chanteur \u00e9gyptien r\u00e9sidant au Maroc<\/strong><\/span><span id=\"more-380672\"><\/span><\/p>\n<div class=\"base-box mom_box_sc_custom mom_box_sc clear\" style=\"-moz-border-radius: 5px; border-radius: 5px;background-color:#fdd8c6;\">\n<p><strong>Il ressemble bien \u00e0 feu Abdelhalim Hafez. En fait, Mohamed Hammouda est son cousin du c\u00f4t\u00e9 maternel. Ce chanteur d\u2019origine \u00e9gyptienne r\u00e9sident actuellement au Maroc a, tout comme le d\u00e9funt, de fortes attaches avec le Royaume au point de lui d\u00e9dier un single qui sera de sortie tr\u00e8s bient\u00f4t. Nous avons pu interviewer cet artiste avant son d\u00e9part \u00e0 un studio \u00e0 Rabat pour les fins de cette oeuvre. L\u2019occasion de l\u2019interroger aussi sur son parcours dans le Royaume et dans le pays des Pharaons. L\u2019artiste, qui ne manque pas de rappeler l\u2019histoire de l\u2019appellation du d\u00e9funt, pr\u00e9cise \u00e9galement ses projets pr\u00e9vus pour bient\u00f4t.<\/strong><\/p>\n<\/div>\n<p><strong><span style=\"color: #ff0000;\">ALM<\/span> : Vous vous fa\u00eetes conna\u00eetre pour le cousin de feu Abdelhalim Hafez. Et si vous vous pr\u00e9sentiez au public marocain ? <\/strong><\/p>\n<p><span style=\"color: #ff0000;\"><strong>Mohamed Hammouda<\/strong><\/span> : Je suis un chanteur \u00e9gyptien r\u00e9sidant, depuis de longues ann\u00e9es, au Maroc. J\u2019ai eu l\u2019occasion d\u2019y collaborer avec d\u2019\u00e9minents compositeurs comme Abdellah Issami, Hassan El Kadmiri, Ahmed Aouatef et Jamal El Amjad entre autres. J\u2019ai aussi eu l\u2019honneur, tout comme feu Abdelhalim Hafez, de me produire, en tant que chanteur arabe, avec l\u2019orchestre royal. Rares sont les artistes arabes install\u00e9s au Maroc qui ont eu cette opportunit\u00e9. Pendant mon s\u00e9jour dans le Royaume, j\u2019ai \u00e9galement d\u00e9di\u00e9 un single \u00e0 Feu Hassan II. Tr\u00e8s bient\u00f4t, je lancerai un autre pour chanter le Maroc et la g\u00e9n\u00e9rosit\u00e9 de son peuple.<\/p>\n<p><span style=\"color: #000000;\"><strong>Pourriez-vous nous en dire un peu plus sur ce nouveau single ?<\/strong><\/span><\/p>\n<p>C\u2019est une \u0153uvre que je lancerai \u00e0 l\u2019occasion des F\u00eates du Tr\u00f4ne et de la Jeunesse pour accompagner ces c\u00e9l\u00e9brations. Les paroles de ce single sont con\u00e7ues par mon ami marocain Abdellatif Essa\u00efdi. J\u2019ai d\u00e9j\u00e0 particip\u00e9 avec lui dans plusieurs \u00e9pop\u00e9es dont celles d\u00e9di\u00e9es \u00e0 J\u00e9rusalem et \u00e0 la Coupe du monde de 2006. Quand l\u2019occasion s\u2019est pr\u00e9sent\u00e9e, il m\u2019a montr\u00e9 des paroles d\u00e9di\u00e9es au Maroc en \u00e9gyptien. Donc j\u2019ai accept\u00e9 de l\u2019interpr\u00e9ter aux rythmes de ma propre composition. Pour l\u2019heure, les pr\u00e9paratifs vont bon train pour le lancer dans les quelques jours \u00e0 venir.<\/p>\n<p><strong>Qu\u2019en est-il de vos apparitions ces derniers temps apr\u00e8s de longues ann\u00e9es au Maroc ? Et pourquoi cet attachement au Royaume ?<\/strong><\/p>\n<p>En fait, beaucoup de journaux marocains ont, dans les ann\u00e9es 90, publi\u00e9 des articles et des entretiens \u00e0 propos de moi. J\u2019y ai m\u00eame eu des passages exclusifs. Je me suis \u00e9galement vu r\u00e9server des interviews sur les petits \u00e9crans durant la m\u00eame p\u00e9riode. En 2005, je suis retourn\u00e9 en Egypte. Apr\u00e8s quoi, je suis revenu au Maroc. C\u2019est pourquoi je m\u2019affiche ces derniers temps. Quant \u00e0 mon attachement au Royaume, j\u2019aurais aim\u00e9 \u00eatre Marocain si je n\u2019\u00e9tais pas \u00e9gyptien. Pour moi, le Maroc et l\u2019Egypte, c\u2019est \u00abkif kif\u00bb. Le pays des Pharaons est ma m\u00e8re patrie. Quant au Maroc, il m\u2019a abrit\u00e9 et donn\u00e9 grand-chose.<\/p>\n<p><strong>Votre voix ressemble \u00e0 celle d\u2019Abdelhalim Hafez. Seriez-vous un porte-flambeau pour les \u0153uvres du d\u00e9funt?<\/strong><\/p>\n<p>Ce serait un honneur pour moi. J\u2019aurais aim\u00e9 avoir au moins une des qualit\u00e9s d\u2019artiste d\u2019Abdelhalim Hafez qui est le cousin de ma m\u00e8re. Ce qui me fait plaisir c\u2019est que je fais partie d\u2019une famille d\u2019artistes et que j\u2019appartiens du c\u00f4t\u00e9 maternel \u00e0 Abdehalim Hafez qui, pour l\u2019histoire, s\u2019appelait Abdelhalim Chabana dans les ann\u00e9es 50. Et c\u2019est le journaliste, Hafez Abdelouahab qui a donn\u00e9 le nom de Hafez \u00e0 Abdelhalim qui a, \u00e0 son tour, donn\u00e9 le pr\u00e9nom Abdelhalim \u00e0 l\u2019artiste Emad Ali Souleiman.<\/p>\n<p><strong>Quel regard portez-vous sur la sc\u00e8ne artistique au Maroc ?<\/strong><\/p>\n<p>Pour r\u00e9pondre \u00e0 votre question j\u2019\u00e9tablirais une comparaison avec la sc\u00e8ne \u00e9gyptienne qui jouit d\u2019un \u00e9clat artistique. Cependant, quand celui-ci se dissipe, cela se r\u00e9percute sur la sc\u00e8ne arabe. A un moment, de grands compositeurs \u00e9gyptiens dominaient la sc\u00e8ne. Donc, chaque \u00e8re a ses propres artistes qui constituent un exemple pour d\u2019autres. Ainsi, quand le nombre de grands compositeurs est moindre, celui des talents diminue. Cela arrive par moments. Apr\u00e8s quoi, les choses reprennent leur cours. Cependant, seuls les meilleurs restent.<\/p>\n<p><strong>Auriez-vous d\u2019autres projets ?<\/strong><\/p>\n<p>Je lancerai bient\u00f4t des singles romantiques au Maroc.<\/p>\n<p><strong>Un dernier mot\u2026<\/strong><\/p>\n<p>J\u2019aimerais bien rappeler que quand j\u2019\u00e9tais en Egypte, j\u2019ai eu la chance, depuis mon jeune \u00e2ge, de me produire avec la troupe d\u2019Abdelhalim Hafez appel\u00e9e \u00abAl Massia\u00bb. J\u2019ai eu \u00e9galement l\u2019occasion de collaborer avec les grands compositeurs \u00e9gyptiens Ahmed Sedki, Helmi Amin, Mohamed El Mougi et Farouk Salama entre autres. Je leur dois une fi\u00e8re chandelle comme \u00e0 tous ceux marocains avec qui j\u2019ai eu le privil\u00e8ge de collaborer.<\/p>\n<\/div>\n<p>Auteur: Salima Guisser<br \/>\n<a href=\"https:\/\/aujourdhui.ma\/culture\/mohamed-hammouda-je-chanterai-en-egyptien-pour-le-maroc\">Cliquez ici pour lire l&rsquo;article depuis sa source.<\/a><\/p>\n","protected":false},"excerpt":{"rendered":"<p>Entretien avec Mohamed Hammouda, chanteur \u00e9gyptien r\u00e9sidant au Maroc Il ressemble bien \u00e0 feu Abdelhalim Hafez. En fait, Mohamed Hammouda est son cousin du c\u00f4t\u00e9 maternel. Ce chanteur d\u2019origine \u00e9gyptienne r\u00e9sident actuellement au Maroc a, tout comme le d\u00e9funt, de fortes attaches avec le Royaume au point de lui d\u00e9dier un single qui sera de [&hellip;]<\/p>\n","protected":false},"author":1759,"featured_media":0,"comment_status":"closed","ping_status":"closed","sticky":false,"template":"","format":"standard","meta":{"fifu_image_url":"https:\/\/aujourdhui.ma\/wp-content\/uploads\/2021\/07\/Mohamed-Hammouda-300x153.jpg","fifu_image_alt":"Mohamed Hammouda : \u00abJe chanterai en \u00e9gyptien pour le Maroc\u00bb","footnotes":""},"categories":[73,54],"tags":[],"class_list":["post-120146","post","type-post","status-publish","format-standard","hentry","category-actualite","category-maroc"],"_links":{"self":[{"href":"https:\/\/linitiative.ca\/International\/wp-json\/wp\/v2\/posts\/120146","targetHints":{"allow":["GET"]}}],"collection":[{"href":"https:\/\/linitiative.ca\/International\/wp-json\/wp\/v2\/posts"}],"about":[{"href":"https:\/\/linitiative.ca\/International\/wp-json\/wp\/v2\/types\/post"}],"author":[{"embeddable":true,"href":"https:\/\/linitiative.ca\/International\/wp-json\/wp\/v2\/users\/1759"}],"replies":[{"embeddable":true,"href":"https:\/\/linitiative.ca\/International\/wp-json\/wp\/v2\/comments?post=120146"}],"version-history":[{"count":0,"href":"https:\/\/linitiative.ca\/International\/wp-json\/wp\/v2\/posts\/120146\/revisions"}],"wp:attachment":[{"href":"https:\/\/linitiative.ca\/International\/wp-json\/wp\/v2\/media?parent=120146"}],"wp:term":[{"taxonomy":"category","embeddable":true,"href":"https:\/\/linitiative.ca\/International\/wp-json\/wp\/v2\/categories?post=120146"},{"taxonomy":"post_tag","embeddable":true,"href":"https:\/\/linitiative.ca\/International\/wp-json\/wp\/v2\/tags?post=120146"}],"curies":[{"name":"wp","href":"https:\/\/api.w.org\/{rel}","templated":true}]}}