{"id":120150,"date":"2021-07-02T11:22:21","date_gmt":"2021-07-02T15:22:21","guid":{"rendered":"https:\/\/linitiative.ca\/International\/covid19-la-situation-epidemiologique-au-2-juillet-2021-a-16h00\/"},"modified":"2021-07-02T11:22:21","modified_gmt":"2021-07-02T15:22:21","slug":"covid19-la-situation-epidemiologique-au-2-juillet-2021-a-16h00","status":"publish","type":"post","link":"https:\/\/linitiative.ca\/International\/covid19-la-situation-epidemiologique-au-2-juillet-2021-a-16h00\/","title":{"rendered":"Covid19 : La situation \u00e9pid\u00e9miologique au 2 Juillet  2021 \u00e0 16H00"},"content":{"rendered":"<div>\n<p><img decoding=\"async\" width=\"300\" height=\"153\" src=\"https:\/\/linitiative.ca\/International\/wp-content\/uploads\/sites\/23\/2021\/07\/Coronavirus-Maroc-1-300x153-1.jpg\" class=\"attachment-medium size-medium wp-post-image\" alt=\"\" loading=\"lazy\" srcset=\"\/\/aujourdhui.ma\/wp-content\/uploads\/2020\/04\/Coronavirus-Maroc-1-300x153.jpg 300w, \/\/aujourdhui.ma\/wp-content\/uploads\/2020\/04\/Coronavirus-Maroc-1.jpg 746w\" sizes=\"auto, (max-width: 300px) 100vw, 300px\"><\/p>\n<p>844 nouveaux cas soit un cumul de 532.994 cas \u00e0 ce jour.<br \/>\n540 gu\u00e9risons soit un cumul de 518.641\u00a0 \u00e0 ce jour.<br \/>\n9 nouveaux d\u00e9c\u00e8s donc un cumul de 9.307 \u00e0 ce jour.<span id=\"more-380711\"><\/span><\/p>\n<p><strong>Nombre de personnes vaccin\u00e9es au 2 Juillet 16H00<\/strong><br \/>\n1\u00e8re dose<br \/>\n10.059.937<br \/>\n2\u00e8me dose<br \/>\n9.159.495<\/p>\n<p>\u00a0<\/p>\n<p><a href=\"https:\/\/linitiative.ca\/International\/wp-content\/uploads\/sites\/23\/2021\/07\/02.7.21.COVID-19_Page_1.jpg\"><img decoding=\"async\" loading=\"lazy\" class=\"alignnone size-full wp-image-380714\" src=\"https:\/\/linitiative.ca\/International\/wp-content\/uploads\/sites\/23\/2021\/07\/02.7.21.COVID-19_Page_1.jpg\" alt=\"\" width=\"1654\" height=\"2339\" srcset=\"\/\/aujourdhui.ma\/wp-content\/uploads\/2021\/07\/02.7.21.COVID-19_Page_1.jpg 1654w, \/\/aujourdhui.ma\/wp-content\/uploads\/2021\/07\/02.7.21.COVID-19_Page_1-212x300.jpg 212w, \/\/aujourdhui.ma\/wp-content\/uploads\/2021\/07\/02.7.21.COVID-19_Page_1-724x1024.jpg 724w, \/\/aujourdhui.ma\/wp-content\/uploads\/2021\/07\/02.7.21.COVID-19_Page_1-768x1086.jpg 768w, \/\/aujourdhui.ma\/wp-content\/uploads\/2021\/07\/02.7.21.COVID-19_Page_1-1086x1536.jpg 1086w, \/\/aujourdhui.ma\/wp-content\/uploads\/2021\/07\/02.7.21.COVID-19_Page_1-1448x2048.jpg 1448w\" sizes=\"auto, (max-width: 1654px) 100vw, 1654px\"><\/a> <a href=\"https:\/\/linitiative.ca\/International\/wp-content\/uploads\/sites\/23\/2021\/07\/02.7.21.COVID-19_Page_2.jpg\"><img decoding=\"async\" loading=\"lazy\" class=\"alignnone size-full wp-image-380715\" src=\"https:\/\/linitiative.ca\/International\/wp-content\/uploads\/sites\/23\/2021\/07\/02.7.21.COVID-19_Page_2.jpg\" alt=\"\" width=\"1654\" height=\"2339\" srcset=\"\/\/aujourdhui.ma\/wp-content\/uploads\/2021\/07\/02.7.21.COVID-19_Page_2.jpg 1654w, \/\/aujourdhui.ma\/wp-content\/uploads\/2021\/07\/02.7.21.COVID-19_Page_2-212x300.jpg 212w, \/\/aujourdhui.ma\/wp-content\/uploads\/2021\/07\/02.7.21.COVID-19_Page_2-724x1024.jpg 724w, \/\/aujourdhui.ma\/wp-content\/uploads\/2021\/07\/02.7.21.COVID-19_Page_2-768x1086.jpg 768w, \/\/aujourdhui.ma\/wp-content\/uploads\/2021\/07\/02.7.21.COVID-19_Page_2-1086x1536.jpg 1086w, \/\/aujourdhui.ma\/wp-content\/uploads\/2021\/07\/02.7.21.COVID-19_Page_2-1448x2048.jpg 1448w\" sizes=\"auto, (max-width: 1654px) 100vw, 1654px\"><\/a> <a href=\"https:\/\/linitiative.ca\/International\/wp-content\/uploads\/sites\/23\/2021\/07\/02.7.21.COVID-19_Page_3.jpg\"><img decoding=\"async\" loading=\"lazy\" class=\"alignnone size-full wp-image-380716\" src=\"https:\/\/linitiative.ca\/International\/wp-content\/uploads\/sites\/23\/2021\/07\/02.7.21.COVID-19_Page_3.jpg\" alt=\"\" width=\"1654\" height=\"2339\" srcset=\"\/\/aujourdhui.ma\/wp-content\/uploads\/2021\/07\/02.7.21.COVID-19_Page_3.jpg 1654w, \/\/aujourdhui.ma\/wp-content\/uploads\/2021\/07\/02.7.21.COVID-19_Page_3-212x300.jpg 212w, \/\/aujourdhui.ma\/wp-content\/uploads\/2021\/07\/02.7.21.COVID-19_Page_3-724x1024.jpg 724w, \/\/aujourdhui.ma\/wp-content\/uploads\/2021\/07\/02.7.21.COVID-19_Page_3-768x1086.jpg 768w, \/\/aujourdhui.ma\/wp-content\/uploads\/2021\/07\/02.7.21.COVID-19_Page_3-1086x1536.jpg 1086w, \/\/aujourdhui.ma\/wp-content\/uploads\/2021\/07\/02.7.21.COVID-19_Page_3-1448x2048.jpg 1448w\" sizes=\"auto, (max-width: 1654px) 100vw, 1654px\"><\/a> <a href=\"https:\/\/linitiative.ca\/International\/wp-content\/uploads\/sites\/23\/2021\/07\/02.7.21.COVID-19_Page_4.jpg\"><img decoding=\"async\" loading=\"lazy\" class=\"alignnone size-full wp-image-380717\" src=\"https:\/\/linitiative.ca\/International\/wp-content\/uploads\/sites\/23\/2021\/07\/02.7.21.COVID-19_Page_4.jpg\" alt=\"\" width=\"1654\" height=\"2339\" srcset=\"\/\/aujourdhui.ma\/wp-content\/uploads\/2021\/07\/02.7.21.COVID-19_Page_4.jpg 1654w, \/\/aujourdhui.ma\/wp-content\/uploads\/2021\/07\/02.7.21.COVID-19_Page_4-212x300.jpg 212w, \/\/aujourdhui.ma\/wp-content\/uploads\/2021\/07\/02.7.21.COVID-19_Page_4-724x1024.jpg 724w, \/\/aujourdhui.ma\/wp-content\/uploads\/2021\/07\/02.7.21.COVID-19_Page_4-768x1086.jpg 768w, \/\/aujourdhui.ma\/wp-content\/uploads\/2021\/07\/02.7.21.COVID-19_Page_4-1086x1536.jpg 1086w, \/\/aujourdhui.ma\/wp-content\/uploads\/2021\/07\/02.7.21.COVID-19_Page_4-1448x2048.jpg 1448w\" sizes=\"auto, (max-width: 1654px) 100vw, 1654px\"><\/a> <a href=\"https:\/\/linitiative.ca\/International\/wp-content\/uploads\/sites\/23\/2021\/07\/02.7.21.COVID-19_Page_5.jpg\"><img decoding=\"async\" loading=\"lazy\" class=\"alignnone size-full wp-image-380718\" src=\"https:\/\/linitiative.ca\/International\/wp-content\/uploads\/sites\/23\/2021\/07\/02.7.21.COVID-19_Page_5.jpg\" alt=\"\" width=\"2339\" height=\"1654\" srcset=\"\/\/aujourdhui.ma\/wp-content\/uploads\/2021\/07\/02.7.21.COVID-19_Page_5.jpg 2339w, \/\/aujourdhui.ma\/wp-content\/uploads\/2021\/07\/02.7.21.COVID-19_Page_5-300x212.jpg 300w, \/\/aujourdhui.ma\/wp-content\/uploads\/2021\/07\/02.7.21.COVID-19_Page_5-1024x724.jpg 1024w, \/\/aujourdhui.ma\/wp-content\/uploads\/2021\/07\/02.7.21.COVID-19_Page_5-768x543.jpg 768w, \/\/aujourdhui.ma\/wp-content\/uploads\/2021\/07\/02.7.21.COVID-19_Page_5-1536x1086.jpg 1536w, \/\/aujourdhui.ma\/wp-content\/uploads\/2021\/07\/02.7.21.COVID-19_Page_5-2048x1448.jpg 2048w\" sizes=\"auto, (max-width: 2339px) 100vw, 2339px\"><\/a><\/p>\n<\/div>\n<p>Auteur: ALM<br \/>\n<a href=\"https:\/\/aujourdhui.ma\/societe\/covid19-la-situation-epidemiologique-au-2-juillet-2021-a-16h00\">Cliquez ici pour lire l&rsquo;article depuis sa source.<\/a><\/p>\n","protected":false},"excerpt":{"rendered":"<p>844 nouveaux cas soit un cumul de 532.994 cas \u00e0 ce jour. 540 gu\u00e9risons soit un cumul de 518.641\u00a0 \u00e0 ce jour. 9 nouveaux d\u00e9c\u00e8s donc un cumul de 9.307 \u00e0 ce jour. Nombre de personnes vaccin\u00e9es au 2 Juillet 16H00 1\u00e8re dose 10.059.937 2\u00e8me dose 9.159.495 \u00a0 Auteur: ALM Cliquez ici pour lire l&rsquo;article [&hellip;]<\/p>\n","protected":false},"author":1759,"featured_media":0,"comment_status":"closed","ping_status":"closed","sticky":false,"template":"","format":"standard","meta":{"fifu_image_url":"https:\/\/aujourdhui.ma\/wp-content\/uploads\/2020\/04\/Coronavirus-Maroc-1-300x153.jpg","fifu_image_alt":"Covid19 : La situation \u00e9pid\u00e9miologique au 2 Juillet  2021 \u00e0 16H00","footnotes":""},"categories":[73,54],"tags":[],"class_list":["post-120150","post","type-post","status-publish","format-standard","hentry","category-actualite","category-maroc"],"_links":{"self":[{"href":"https:\/\/linitiative.ca\/International\/wp-json\/wp\/v2\/posts\/120150","targetHints":{"allow":["GET"]}}],"collection":[{"href":"https:\/\/linitiative.ca\/International\/wp-json\/wp\/v2\/posts"}],"about":[{"href":"https:\/\/linitiative.ca\/International\/wp-json\/wp\/v2\/types\/post"}],"author":[{"embeddable":true,"href":"https:\/\/linitiative.ca\/International\/wp-json\/wp\/v2\/users\/1759"}],"replies":[{"embeddable":true,"href":"https:\/\/linitiative.ca\/International\/wp-json\/wp\/v2\/comments?post=120150"}],"version-history":[{"count":0,"href":"https:\/\/linitiative.ca\/International\/wp-json\/wp\/v2\/posts\/120150\/revisions"}],"wp:attachment":[{"href":"https:\/\/linitiative.ca\/International\/wp-json\/wp\/v2\/media?parent=120150"}],"wp:term":[{"taxonomy":"category","embeddable":true,"href":"https:\/\/linitiative.ca\/International\/wp-json\/wp\/v2\/categories?post=120150"},{"taxonomy":"post_tag","embeddable":true,"href":"https:\/\/linitiative.ca\/International\/wp-json\/wp\/v2\/tags?post=120150"}],"curies":[{"name":"wp","href":"https:\/\/api.w.org\/{rel}","templated":true}]}}