{"id":120157,"date":"2021-07-01T14:00:00","date_gmt":"2021-07-01T18:00:00","guid":{"rendered":"https:\/\/linitiative.ca\/International\/le-maroc-un-modele-de-reussite-au-niveau-regional\/"},"modified":"2021-07-01T14:00:00","modified_gmt":"2021-07-01T18:00:00","slug":"le-maroc-un-modele-de-reussite-au-niveau-regional","status":"publish","type":"post","link":"https:\/\/linitiative.ca\/International\/le-maroc-un-modele-de-reussite-au-niveau-regional\/","title":{"rendered":"\u00abLe Maroc, un mod\u00e8le de r\u00e9ussite au niveau r\u00e9gional\u00bb"},"content":{"rendered":"<div>\n<p class=\"has-text-align-center has-vivid-red-color has-text-color\"><strong>Jeppe Kofod, ministre danois des AE<\/strong><\/p>\n<p class=\"has-black-color has-text-color\"><strong>Le ministre danois des Affaires \u00e9trang\u00e8res, Jeppe Kofod, a salu\u00e9, mercredi \u00e0 Rabat, l\u2019efficacit\u00e9 des politiques structurelles adopt\u00e9es par le Maroc, lesquelles ont fait du Royaume un \u00ab\u00a0mod\u00e8le de r\u00e9ussite\u00a0\u00bb dans la r\u00e9gion.<\/strong><\/p>\n<p class=\"has-black-color has-text-color\">M. Kofod, qui s\u2019exprimait lors d\u2019une rencontre avec le Chef du gouvernement Saad Dine El Otmani, a soulign\u00e9 que ces politiques \u00ab\u00a0ont fait du Maroc un mod\u00e8le de r\u00e9ussite dans la r\u00e9gion aux niveaux politique, \u00e9conomique et social, ainsi que dans le domaine de la pr\u00e9servation de l\u2019environnement\u00a0\u00bb.<\/p>\n<p class=\"has-black-color has-text-color\">Cit\u00e9 dans un communiqu\u00e9 du D\u00e9partement du chef du gouvernement, le diplomate danois a \u00e9galement mis en avant la forte implication du Maroc dans le d\u00e9veloppement des \u00e9nergies renouvelables et la promotion du d\u00e9veloppement durable, autant de dossiers qui offrent de larges perspectives de coop\u00e9ration.<\/p>\n<p class=\"has-black-color has-text-color\">Le ministre danois, qui effectue une visite de travail au Maroc dans le cadre du renforcement des relations d\u2019amiti\u00e9 et de coop\u00e9ration entre les deux Royaumes, a exprim\u00e9 la disposition de son pays \u00e0 accompagner et coop\u00e9rer avec le Maroc dans le cadre de programmes tripartites au profit de l\u2019Afrique.<\/p>\n<p class=\"has-black-color has-text-color\">Au cours de cette rencontre, les deux parties ont salu\u00e9 la qualit\u00e9 des relations d\u2019amiti\u00e9 maroco-danoises et le rapprochement des points de vue sur un ensemble de questions internationales d\u2019int\u00e9r\u00eat commun, telles que la lutte contre le changement climatique, le soutien au d\u00e9veloppement durable, la diffusion de la culture de coexistence, de tol\u00e9rance et de coop\u00e9ration entre les peuples, outre la lutte contre toutes les formes d\u2019extr\u00e9misme, de crime organis\u00e9 et de terrorisme.<\/p>\n<p class=\"has-black-color has-text-color\">Les deux responsables ont \u00e9galement exprim\u00e9 leur aspiration \u00e0 hisser la coop\u00e9ration \u00e9conomique et les \u00e9changes commerciaux entre les deux pays au niveau de leurs bonnes relations politiques, selon le communiqu\u00e9.<\/p>\n<p class=\"has-black-color has-text-color\">Dans ce cadre, ils ont pass\u00e9 en revue les moyens d\u2019encourager les investissements, de renforcer les partenariats entre les op\u00e9rateurs \u00e9conomiques respectifs et d\u2019\u00e9largir la coop\u00e9ration bilat\u00e9rale pour englober de nouveaux domaines prometteurs.<\/p>\n<p class=\"has-black-color has-text-color\">Les entretiens ont \u00e9galement port\u00e9 sur le dossier de la coop\u00e9ration tripartite au profit des pays africains amis, ajoute la m\u00eame source, notant que M. El Otmani a pass\u00e9 en revue l\u2019exp\u00e9rience marocaine pionni\u00e8re dans ce domaine et les efforts entrepris par le Royaume dans le cadre de la politique africaine de Sa Majest\u00e9 le Roi Mohammed VI, afin de soutenir et d\u2019accompagner le d\u00e9veloppement \u00e9conomique et social dans le Continent, \u00e0 travers des investissements d\u2019envergure dans les secteurs \u00e9conomiques les plus importants, et des programmes de renforcement des comp\u00e9tences et de transfert des expertises.<\/p>\n<p class=\"has-black-color has-text-color\">Il s\u2019agit \u00e9galement, poursuit le communiqu\u00e9, de renforcer la bonne gouvernance, d\u2019optimiser le niveau de l\u2019encadrement religieux et de promouvoir les valeurs islamiques de tol\u00e9rance et de coexistence.<\/p>\n<p class=\"has-black-color has-text-color\">Cette rencontre, qui s\u2019est d\u00e9roul\u00e9e en pr\u00e9sence de l\u2019ambassadeur du Danemark au Maroc et des membres de la d\u00e9l\u00e9gation accompagnant le ministre danois des Affaires \u00e9trang\u00e8res, a \u00e9galement abord\u00e9 un ensemble de questions d\u2019int\u00e9r\u00eat commun, notamment l\u2019approche adopt\u00e9e par les deux pays pour faire face \u00e0 la pand\u00e9mie de Covid-19 et pour limiter ses r\u00e9percussions, rel\u00e8ve le communiqu\u00e9, ajoutant que M. Kofod a salu\u00e9 \u00e0 cet \u00e9gard la gestion r\u00e9ussie du Royaume de cette pand\u00e9mie.<\/p>\n<p class=\"has-black-color has-text-color\">Par ailleurs, le chef du gouvernement a rappel\u00e9 les mesures anticipatives prises par le Maroc gr\u00e2ce aux Hautes orientations Royales, qui ont permis, dans le cadre d\u2019une mobilisation interne globale, de ma\u00eetriser la propagation de l\u2019\u00e9pid\u00e9mie, de r\u00e9duire ses r\u00e9percussions \u00e9conomiques et sociales, d\u2019accompagner les secteurs \u00e9conomiques, de soutenir les entreprises et les souches sociales affect\u00e9es par la pand\u00e9mie, et de lancer une large campagne nationale de vaccination qui a b\u00e9n\u00e9fici\u00e9 jusqu\u2019\u00e0 pr\u00e9sent \u00e0 pr\u00e8s de 10 millions de citoyens et citoyennes.<\/p>\n<p class=\"has-black-color has-text-color\">Il s\u2019agit \u00e9galement de poursuivre le lancement de la mise en \u0153uvre des r\u00e9formes majeures, d\u2019un plan ambitieux de relance \u00e9conomique, en plus du chantier de la g\u00e9n\u00e9ralisation de la protection sociale, conclut le communiqu\u00e9.<\/p>\n<p>L\u2019article <a rel=\"nofollow\" href=\"http:\/\/albayane.press.ma\/le-maroc-un-modele-de-reussite-au-niveau-regional.html\">\u00abLe Maroc, un mod\u00e8le de r\u00e9ussite au niveau r\u00e9gional\u00bb<\/a> est apparu en premier sur <a rel=\"nofollow\" href=\"http:\/\/albayane.press.ma\/\">ALBAYANE<\/a>.<\/p>\n<\/div>\n<p>Auteur: M&rsquo;hammed rahal<br \/>\n<a href=\"http:\/\/albayane.press.ma\/le-maroc-un-modele-de-reussite-au-niveau-regional.html\">Cliquez ici pour lire l&rsquo;article depuis sa source.<\/a><\/p>\n","protected":false},"excerpt":{"rendered":"<p>Jeppe Kofod, ministre danois des AE Le ministre danois des Affaires \u00e9trang\u00e8res, Jeppe Kofod, a salu\u00e9, mercredi \u00e0 Rabat, l\u2019efficacit\u00e9 des politiques structurelles adopt\u00e9es par le Maroc, lesquelles ont fait du Royaume un \u00ab\u00a0mod\u00e8le de r\u00e9ussite\u00a0\u00bb dans la r\u00e9gion. M. Kofod, qui s\u2019exprimait lors d\u2019une rencontre avec le Chef du gouvernement Saad Dine El Otmani, [&hellip;]<\/p>\n","protected":false},"author":1760,"featured_media":0,"comment_status":"closed","ping_status":"closed","sticky":false,"template":"","format":"standard","meta":{"fifu_image_url":"","fifu_image_alt":"","footnotes":""},"categories":[73,54],"tags":[],"class_list":["post-120157","post","type-post","status-publish","format-standard","hentry","category-actualite","category-maroc"],"_links":{"self":[{"href":"https:\/\/linitiative.ca\/International\/wp-json\/wp\/v2\/posts\/120157","targetHints":{"allow":["GET"]}}],"collection":[{"href":"https:\/\/linitiative.ca\/International\/wp-json\/wp\/v2\/posts"}],"about":[{"href":"https:\/\/linitiative.ca\/International\/wp-json\/wp\/v2\/types\/post"}],"author":[{"embeddable":true,"href":"https:\/\/linitiative.ca\/International\/wp-json\/wp\/v2\/users\/1760"}],"replies":[{"embeddable":true,"href":"https:\/\/linitiative.ca\/International\/wp-json\/wp\/v2\/comments?post=120157"}],"version-history":[{"count":0,"href":"https:\/\/linitiative.ca\/International\/wp-json\/wp\/v2\/posts\/120157\/revisions"}],"wp:attachment":[{"href":"https:\/\/linitiative.ca\/International\/wp-json\/wp\/v2\/media?parent=120157"}],"wp:term":[{"taxonomy":"category","embeddable":true,"href":"https:\/\/linitiative.ca\/International\/wp-json\/wp\/v2\/categories?post=120157"},{"taxonomy":"post_tag","embeddable":true,"href":"https:\/\/linitiative.ca\/International\/wp-json\/wp\/v2\/tags?post=120157"}],"curies":[{"name":"wp","href":"https:\/\/api.w.org\/{rel}","templated":true}]}}