{"id":120158,"date":"2021-07-01T14:00:00","date_gmt":"2021-07-01T18:00:00","guid":{"rendered":"https:\/\/linitiative.ca\/International\/reforme-de-la-fiscalite-et-des-eep-de-bonnes-orientations-qui-necessitent-une-mise-en-oeuvre-optimale\/"},"modified":"2021-07-01T14:00:00","modified_gmt":"2021-07-01T18:00:00","slug":"reforme-de-la-fiscalite-et-des-eep-de-bonnes-orientations-qui-necessitent-une-mise-en-oeuvre-optimale","status":"publish","type":"post","link":"https:\/\/linitiative.ca\/International\/reforme-de-la-fiscalite-et-des-eep-de-bonnes-orientations-qui-necessitent-une-mise-en-oeuvre-optimale\/","title":{"rendered":"R\u00e9forme de la fiscalit\u00e9 et des EEP : De bonnes orientations qui n\u00e9cessitent une mise en \u0153uvre optimale"},"content":{"rendered":"<div>\n<p class=\"has-text-align-center has-vivid-cyan-blue-color has-text-color\"><strong>Communiqu\u00e9 du bureau politique du PPS<\/strong><\/p>\n<p class=\"has-black-color has-text-color\"><strong>Le bureau politique du Parti du Progr\u00e8s et du Socialisme a tenu, mercredi 30 juin 2021, sa r\u00e9union hebdomadaire et examin\u00e9 de nombreuses questions nationales et divers dossiers concernant la vie interne du parti.<\/strong><\/p>\n<p class=\"has-black-color has-text-color\">A l\u2019ouverture de sa r\u00e9union, le bureau politique a enregistr\u00e9 positivement l\u2019adoption par le Conseil des Ministres du projet de loi-cadre relatif \u00e0 la r\u00e9forme fiscale, compte tenu des orientations g\u00e9n\u00e9rales positives qu\u2019il porte et qui sont de nature \u00e0 constituer les fondements d\u2019un syst\u00e8me fiscal efficace, juste, \u00e9quitable et \u00e9quilibr\u00e9. Il a \u00e9galement soulign\u00e9 que ce projet ouvre la voix \u00e0 notre pays pour mobiliser des moyens suppl\u00e9mentaires afin de financer les politiques publiques visant \u00e0 promouvoir le processus de d\u00e9veloppement \u00e9conomique et de faire face \u00e0 la situation et aux d\u00e9fis sociaux, aux niveaux national et territorial.<\/p>\n<p class=\"has-black-color has-text-color\">Dans le m\u00eame sens, le bureau politique a appr\u00e9ci\u00e9 l\u2019adoption par le Conseil des Ministres du projet de loi-cadre relatif \u00e0 la r\u00e9forme des \u00e9tablissements et entreprises publics (EEP) qui se propose de mettre en place des principes et objectifs encadrant la r\u00e9forme globale et progressive que n\u00e9cessitent les \u00e9tablissements du secteur public dans notre pays.<\/p>\n<p class=\"has-black-color has-text-color\">Le Parti du Progr\u00e8s et du Socialisme rappelle qu\u2019il a pr\u00e9sent\u00e9 des propositions et memoranda concernant ces deux chantiers importants, dont le contenu se recoupe en grande partie avec ce que pr\u00e9voient les deux projets pr\u00e9cit\u00e9s. Il exprime \u00e9galement sa volont\u00e9 de contribuer \u00e0 l\u2019accompagnement de la mise en \u0153uvre de ces r\u00e9formes fondamentales, \u00e0 travers des propositions pr\u00e9cises contenues dans son programme \u00e9lectoral et qui visent \u00e0 concr\u00e9tiser les objectifs de ces deux projets relatifs \u00e0 l\u2019\u00e9largissement de l\u2019assiette fiscale, l\u2019\u00e9galit\u00e9 devant l\u2019imp\u00f4t, sa transparence et son \u00e9quit\u00e9 et \u00e0 mettre la fiscalit\u00e9 au service du d\u00e9veloppement \u00e9conomique et de la solidarit\u00e9 sociale. Il en est ainsi du renforcement du r\u00f4le du secteur public et en particulier dans les domaines strat\u00e9giques et au niveau de l\u2019am\u00e9lioration de la rentabilit\u00e9 et de la performance des \u00e9tablissements et entreprises publics.<\/p>\n<p class=\"has-black-color has-text-color\">Le bureau politique a examin\u00e9 \u00e9galement les d\u00e9veloppements de la situation \u00e9pid\u00e9miologique, tout en se f\u00e9licitant du succ\u00e8s notable de la campagne de vaccination contre la Covid-19 dans notre pays et en esp\u00e9rant que les conditions soient r\u00e9unies pour poursuivre au mieux cette campagne.<\/p>\n<p class=\"has-black-color has-text-color\">Dans le m\u00eame temps, le bureau politique exhorte de nouveau les citoyennes et les citoyens \u00e0 faire preuve de davantage de pr\u00e9caution et de respect des r\u00e8gles pr\u00e9ventives en vigueur, dans le but de pr\u00e9server les acquis de notre pays dans sa lutte contre la pand\u00e9mie et de maintenir la tendance positive et ascendante vers le retour \u00e0 la vie normale.<\/p>\n<p class=\"has-black-color has-text-color\">Dans ce cadre et compte tenu de la d\u00e9gradation de la situation \u00e9pid\u00e9miologique dans de nombreux pays et de la propagation des variants du coronavirus, le bureau politique invite \u00e0 r\u00e9fl\u00e9chir profond\u00e9ment aux mesures qui permettraient d\u2019\u00e9viter la r\u00e9\u00e9dition de ce qui s\u2019est pass\u00e9 lors de l\u2019Aid Al Adha de l\u2019an dernier, et d\u2019emp\u00eacher tout recul par rapport aux indicateurs actuels de la situation sanitaire dans notre pays.<\/p>\n<p class=\"has-black-color has-text-color\">Au niveau de la vie interne, le bureau politique a salu\u00e9 le travail important et exhaustif du groupe charg\u00e9 de l\u2019\u00e9laboration du programme \u00e9lectoral du parti, selon une approche participative. Ce programme sera pr\u00e9sent\u00e9 tr\u00e8s prochainement devant l\u2019opinion publique nationale.<\/p>\n<p class=\"has-black-color has-text-color\">Le bureau politique s\u2019est arr\u00eat\u00e9 aussi sur les diff\u00e9rents volets des pr\u00e9paratifs du parti aux prochaines \u00e9ch\u00e9ances \u00e9lectorales, tout en appelant les militantes et les militants \u00e0 rehausser le rythme de mobilisation pour garantir la r\u00e9alisation des objectifs et des r\u00e9sultats auxquels le parti aspire au cours de ces \u00e9lections.<\/p>\n<p>L\u2019article <a rel=\"nofollow\" href=\"http:\/\/albayane.press.ma\/reforme-de-la-fiscalite-et-des-eep-de-bonnes-orientations-qui-necessitent-une-mise-en-oeuvre-optimale.html\">R\u00e9forme de la fiscalit\u00e9 et des EEP : De bonnes orientations qui n\u00e9cessitent une mise en \u0153uvre optimale<\/a> est apparu en premier sur <a rel=\"nofollow\" href=\"http:\/\/albayane.press.ma\/\">ALBAYANE<\/a>.<\/p>\n<\/div>\n<p>Auteur: M&rsquo;hammed rahal<br \/>\n<a href=\"http:\/\/albayane.press.ma\/reforme-de-la-fiscalite-et-des-eep-de-bonnes-orientations-qui-necessitent-une-mise-en-oeuvre-optimale.html\">Cliquez ici pour lire l&rsquo;article depuis sa source.<\/a><\/p>\n","protected":false},"excerpt":{"rendered":"<p>Communiqu\u00e9 du bureau politique du PPS Le bureau politique du Parti du Progr\u00e8s et du Socialisme a tenu, mercredi 30 juin 2021, sa r\u00e9union hebdomadaire et examin\u00e9 de nombreuses questions nationales et divers dossiers concernant la vie interne du parti. A l\u2019ouverture de sa r\u00e9union, le bureau politique a enregistr\u00e9 positivement l\u2019adoption par le Conseil [&hellip;]<\/p>\n","protected":false},"author":1760,"featured_media":0,"comment_status":"closed","ping_status":"closed","sticky":false,"template":"","format":"standard","meta":{"fifu_image_url":"","fifu_image_alt":"","footnotes":""},"categories":[73,54],"tags":[],"class_list":["post-120158","post","type-post","status-publish","format-standard","hentry","category-actualite","category-maroc"],"_links":{"self":[{"href":"https:\/\/linitiative.ca\/International\/wp-json\/wp\/v2\/posts\/120158","targetHints":{"allow":["GET"]}}],"collection":[{"href":"https:\/\/linitiative.ca\/International\/wp-json\/wp\/v2\/posts"}],"about":[{"href":"https:\/\/linitiative.ca\/International\/wp-json\/wp\/v2\/types\/post"}],"author":[{"embeddable":true,"href":"https:\/\/linitiative.ca\/International\/wp-json\/wp\/v2\/users\/1760"}],"replies":[{"embeddable":true,"href":"https:\/\/linitiative.ca\/International\/wp-json\/wp\/v2\/comments?post=120158"}],"version-history":[{"count":0,"href":"https:\/\/linitiative.ca\/International\/wp-json\/wp\/v2\/posts\/120158\/revisions"}],"wp:attachment":[{"href":"https:\/\/linitiative.ca\/International\/wp-json\/wp\/v2\/media?parent=120158"}],"wp:term":[{"taxonomy":"category","embeddable":true,"href":"https:\/\/linitiative.ca\/International\/wp-json\/wp\/v2\/categories?post=120158"},{"taxonomy":"post_tag","embeddable":true,"href":"https:\/\/linitiative.ca\/International\/wp-json\/wp\/v2\/tags?post=120158"}],"curies":[{"name":"wp","href":"https:\/\/api.w.org\/{rel}","templated":true}]}}