{"id":120159,"date":"2021-07-01T14:00:00","date_gmt":"2021-07-01T18:00:00","guid":{"rendered":"https:\/\/linitiative.ca\/International\/lamont-et-linnovation-des-enjeux-capitaux\/"},"modified":"2021-07-01T14:00:00","modified_gmt":"2021-07-01T18:00:00","slug":"lamont-et-linnovation-des-enjeux-capitaux","status":"publish","type":"post","link":"https:\/\/linitiative.ca\/International\/lamont-et-linnovation-des-enjeux-capitaux\/","title":{"rendered":"L\u2019amont et l\u2019innovation des enjeux capitaux"},"content":{"rendered":"<div>\n<p class=\"has-text-align-center has-vivid-red-color has-text-color\"><strong>Textile<\/strong><\/p>\n<p class=\"has-black-color has-text-color\"><strong>Par Fairouz EL Mouden<\/strong><\/p>\n<p class=\"has-black-color has-text-color\"><strong>La dynamisation de l\u2019industrie textile va bon train malgr\u00e9 les effets de la crise sanitaire. Le secteur a fait montre d\u2019une grande capacit\u00e9 d\u2019adaptation et de r\u00e9silience a-t-on pr\u00e9cis\u00e9 lors de 3\u00e8me rendez-vous de l\u2019Industrie. Le plan d\u2019acc\u00e9l\u00e9ration industrielle (PAI) a permis d\u2019identifier les grands\u00a0 et futurs enjeux \u00e0 son d\u00e9veloppement. Le secteur a r\u00e9alis\u00e9 en 2020 un chiffre d\u2019affaires de 50,48 milliards de dirhams avec une valeur ajout\u00e9e de 15,88 MMDH. Le secteur assure plus de 22% emplois \u00e0 l\u2019\u00e9chelle nationale\u00a0 \u00a0\u00a0<\/strong><\/p>\n<p class=\"has-black-color has-text-color\">Selon le directeur g\u00e9n\u00e9ral de l\u2019Industrie au minist\u00e8re, Ali Seddiki, le partenariat public-priv\u00e9 se trouve aujourd\u2019hui au c\u0153ur \u00a0de la structuration des \u00e9cosyst\u00e8mes du secteur. Il rappelle que gr\u00e2ce \u00e0 la coordination des enjeux et des engagements le syst\u00e8me de production est devenu des plus performants. Il s\u2019agit en grand de \u00ab\u00a0six \u00e9cosyst\u00e8mes qui ont \u00e9t\u00e9 mis en \u0153uvre dans le cadre du PAI. Il s\u2019agit du \u00ab\u00a0fast fashion\u00a0\u00bb, \u00ab\u00a0maille\u00a0\u00bb, \u00ab\u00a0\u00e9cosyst\u00e8me distributeur\u00a0\u00bb, \u00ab\u00a0l\u2019\u00e9cosyst\u00e8me denim\u00a0\u00bb, \u00ab\u00a0l\u2019\u00e9cosyst\u00e8me textile \u00e0 usage technique\u00a0\u00bb et \u00ab\u00a0le textile de maison\u201d.\u00a0\u00bb<\/p>\n<p class=\"has-black-color has-text-color\">Le r\u00f4le du secteur priv\u00e9 dans cette dynamique a \u00e9t\u00e9 salu\u00e9 \u00e0 cette occasion. En t\u00e9moigne \u00a0la r\u00e9alisation d\u2019importants investissements, la cr\u00e9ation et la pr\u00e9servation des emplois, le renforcement des exportations, ou encore le d\u00e9veloppement et la valorisation des marques marocaines.<\/p>\n<p class=\"has-black-color has-text-color\">Ainsi, le secteur textile-habillement \u00a0est class\u00e9 en tant que premier employeur de la main-d\u2019\u0153uvre au Maroc a tenu \u00e0 pr\u00e9ciser Mohammed Bouhbouh,\u00a0 pr\u00e9sident de l\u2019AMITH . Et lui d\u2019ajouter, que le r\u00f4le et l\u2019importance soci-\u00e9conomique du secteur a \u00e9t\u00e9 bien prouv\u00e9e pendant la crise du Covid-19<\/p>\n<p class=\"has-black-color has-text-color\">La r\u00e9activit\u00e9 du secteur suite \u00e0 l\u2019appel du Souverain n\u2019a pas tard\u00e9 \u00e0 se manifester a-t-il dit. La \u00a0mobilisation du secteur a permis au Maroc de pallier aux besoins par la voie de la fabrication locale. Avec l\u2019appui du minist\u00e8re, les textiliens sont parvenus \u00e0 fabriquer des masques en un temps record. Pour le pr\u00e9sident de l\u2019AMITH (association marocaines des industries textiles-habillements), il est aujourd\u2019hui n\u00e9cessaire pour les textiliens de jouer le jeu pour renforcer l\u2019amont et l\u2019innovation. \u00a0La vente pose probl\u00e9matique et la cr\u00e9ativit\u00e9 s\u2019impose pour satisfaire les donneurs d\u2019ordre.\u00a0 Il en est de m\u00eame pour l\u2019industrie verte qui s\u2019av\u00e8re une n\u00e9cessit\u00e9 d\u2019autant plus que la taxe carbone europ\u00e9enne est attendue pour 2023.<\/p>\n<p>Pour \u00a0Taha Ghazi, directeur des industries du textile et cuir au minist\u00e8re, le secteur a pu employer, plus de 116.500 postes entre 2014 \u00e0 2020, d\u00e9passant l\u2019objectif initial de 100.000 emplois. Ainsi, malgr\u00e9 la pand\u00e9mie, l\u2019ann\u00e9e 2020 a vu la cr\u00e9ation de 10.684 emplois. Au niveau de l\u2019export, la croissance a \u00e9t\u00e9 maintenue avec un CA additionnel de 5,5MMDH entre 2014\/2019 en d\u00e9passement de l\u2019objectif initialement fix\u00e9 au niveau des \u00e9cosyst\u00e8mes. D\u2019ailleurs, a-t-il pr\u00e9cis\u00e9, durant l\u2019ann\u00e9e de la pand\u00e9mie, le secteur a r\u00e9ussi \u00e0 r\u00e9aliser un tr\u00e8s bon chiffre d\u2019affaires d\u2019un volume de 28,6 MMDH, a-t-il relev\u00e9\u00a0\u00bb. Plusieurs projets ont \u00e9t\u00e9 retenus pour un montant de 5,4MMDH et devront g\u00e9n\u00e9rer 31.130 emplois et un chiffre d\u2019affaires de plus de 12 MMDH, dont 8 MMDH \u00e0 l\u2019export.<\/p>\n<p>La fast fashion et de l\u2019habillement \u00a0s\u2019est accapar\u00e9 plus de la moiti\u00e9 (52%) suivi \u00e0 hauteur de 17%, de la fili\u00e8re textile \u00e0 usage technique. Le reste des investissements se r\u00e9partit sur les autres \u00e9cosyst\u00e8mes, en l\u2019occurrence le denim, la maille, le distributeur et le textile de maison.<\/p>\n<p>En guise de t\u00e9moignages des op\u00e9rateurs \u00e9trangers, il a \u00e9t\u00e9 confirm\u00e9 que\u00a0\u00ab\u00a0les fabricants marocains disposent de la meilleure qualit\u00e9 en expertise et en savoir-faire\u00a0\u00bb.<\/p>\n<p>A signaler qu\u2019avec plus de 23%, le Maroc enregistre la plus forte progression des exportations textiles vers l\u2019Union europ\u00e9enne (UE) depuis d\u00e9but 2021.<\/p>\n<p>L\u2019article <a rel=\"nofollow\" href=\"http:\/\/albayane.press.ma\/lamont-et-linnovation-des-enjeux-capitaux.html\">L\u2019amont et l\u2019innovation des enjeux capitaux<\/a> est apparu en premier sur <a rel=\"nofollow\" href=\"http:\/\/albayane.press.ma\/\">ALBAYANE<\/a>.<\/p>\n<\/div>\n<p>Auteur: M&rsquo;hammed rahal<br \/>\n<a href=\"http:\/\/albayane.press.ma\/lamont-et-linnovation-des-enjeux-capitaux.html\">Cliquez ici pour lire l&rsquo;article depuis sa source.<\/a><\/p>\n","protected":false},"excerpt":{"rendered":"<p>Textile Par Fairouz EL Mouden La dynamisation de l\u2019industrie textile va bon train malgr\u00e9 les effets de la crise sanitaire. Le secteur a fait montre d\u2019une grande capacit\u00e9 d\u2019adaptation et de r\u00e9silience a-t-on pr\u00e9cis\u00e9 lors de 3\u00e8me rendez-vous de l\u2019Industrie. Le plan d\u2019acc\u00e9l\u00e9ration industrielle (PAI) a permis d\u2019identifier les grands\u00a0 et futurs enjeux \u00e0 son [&hellip;]<\/p>\n","protected":false},"author":1760,"featured_media":0,"comment_status":"closed","ping_status":"closed","sticky":false,"template":"","format":"standard","meta":{"fifu_image_url":"","fifu_image_alt":"","footnotes":""},"categories":[73,54],"tags":[],"class_list":["post-120159","post","type-post","status-publish","format-standard","hentry","category-actualite","category-maroc"],"_links":{"self":[{"href":"https:\/\/linitiative.ca\/International\/wp-json\/wp\/v2\/posts\/120159","targetHints":{"allow":["GET"]}}],"collection":[{"href":"https:\/\/linitiative.ca\/International\/wp-json\/wp\/v2\/posts"}],"about":[{"href":"https:\/\/linitiative.ca\/International\/wp-json\/wp\/v2\/types\/post"}],"author":[{"embeddable":true,"href":"https:\/\/linitiative.ca\/International\/wp-json\/wp\/v2\/users\/1760"}],"replies":[{"embeddable":true,"href":"https:\/\/linitiative.ca\/International\/wp-json\/wp\/v2\/comments?post=120159"}],"version-history":[{"count":0,"href":"https:\/\/linitiative.ca\/International\/wp-json\/wp\/v2\/posts\/120159\/revisions"}],"wp:attachment":[{"href":"https:\/\/linitiative.ca\/International\/wp-json\/wp\/v2\/media?parent=120159"}],"wp:term":[{"taxonomy":"category","embeddable":true,"href":"https:\/\/linitiative.ca\/International\/wp-json\/wp\/v2\/categories?post=120159"},{"taxonomy":"post_tag","embeddable":true,"href":"https:\/\/linitiative.ca\/International\/wp-json\/wp\/v2\/tags?post=120159"}],"curies":[{"name":"wp","href":"https:\/\/api.w.org\/{rel}","templated":true}]}}