{"id":120160,"date":"2021-07-01T14:00:00","date_gmt":"2021-07-01T18:00:00","guid":{"rendered":"https:\/\/linitiative.ca\/International\/patrimoine\/"},"modified":"2021-07-01T14:00:00","modified_gmt":"2021-07-01T18:00:00","slug":"patrimoine","status":"publish","type":"post","link":"https:\/\/linitiative.ca\/International\/patrimoine\/","title":{"rendered":"Patrimoine !"},"content":{"rendered":"<div>\n<p class=\"has-text-align-center has-vivid-red-color has-text-color\"><strong>Sur le vif\u2026<\/strong><\/p>\n<p class=\"has-black-color has-text-color\"><strong>Mohamed\u00a0 Nait Youssef<\/strong><\/p>\n<p class=\"has-black-color has-text-color\">Incontestablement, la pr\u00e9servation, la r\u00e9habilitation et la conservation de la m\u00e9moire et du patrimoine ont \u00e9t\u00e9 au c\u0153ur des pr\u00e9occupations de notre pays depuis quelques ann\u00e9es d\u00e9j\u00e0. En effet, la m\u00e9moire a d\u00e9sormais une demeure afin de mettre en valeur la singularit\u00e9 de l\u2019histoire, notre Histoire fond\u00e9e sur la diversit\u00e9 culturelle, linguistique, ethnique, religieuse\u2026<\/p>\n<p class=\"has-black-color has-text-color\">Cet\u00a0 int\u00e9r\u00eat pour le patrimoine, \u00e0 la fois mat\u00e9riel et immat\u00e9riel, se traduit concr\u00e8tement dans des programmes de restauration des \u00e9difices religieux, des cimeti\u00e8res, des lieux de culte, sans oublier bien entendu, de nombreux\u00a0 monuments historiques et sites embl\u00e9matiques dont les m\u00e9dersas, les fondouks, des ponts, des souks, des tanneries \u2026 des bordjs ainsi que des lieux d\u2019artisanat et de commerce traditionnel qui ont fait peau neuve.<\/p>\n<p class=\"has-black-color has-text-color\">\u00c0 F\u00e8s, Oujda, Essaouira, Rabat, Marrakech, Sal\u00e9 et bien d\u2019autres villes marocaines, des \u00e9difices mena\u00e7ant ruine ont \u00e9t\u00e9 restaur\u00e9s et r\u00e9nov\u00e9s. La preuve\u00a0? Des enveloppes et des budgets tr\u00e8s importants ont \u00e9t\u00e9 allou\u00e9s pour que les murailles, les portes historiques, les remparts ou encore les mosqu\u00e9es et zaouiyas puissent jouir d\u2019une nouvelle vie.<\/p>\n<p class=\"has-black-color has-text-color\">Ce sont de grands chantiers s\u2019inscrivant dans la volont\u00e9 et la d\u00e9marche pionni\u00e8re de SM le Roi Mohammed VI pour donner corps au patrimoine marocain. Ce travail colossal sur la m\u00e9moire et le patrimoine a \u00e9t\u00e9 accompagn\u00e9 plus ou moins sur le volet m\u00e9diatique. Or, un long chemin reste encore \u00e0 faire au niveau acad\u00e9mique, culturel, politique et surtout p\u00e9dagogique. Pourtant, la vraie citoyennet\u00e9 commence par le fait de s\u2019approprier avec les lieux, les espaces, les villes. A vrai dire, la conservation du patrimoine est une affaire de tout le monde.<\/p>\n<p class=\"has-black-color has-text-color\">Le manque de civisme de certains concitoyens en urinant ou en jetant des d\u00e9chets sur des remparts fra\u00eechement renouvel\u00e9s et restaur\u00e9s interpellent \u00e0 plus d\u2019un titre. Pire encore, c\u2019est une insulte \u00e0 notre pass\u00e9 et \u00e0 l\u2019histoire commune. Il faut le dire, la soci\u00e9t\u00e9 civile, les m\u00e9dias, les \u00e9coles, les universit\u00e9s, ainsi que tous les acteurs concern\u00e9s sont invit\u00e9s \u00e0 renforcer leurs efforts pour sensibiliser les gens \u00e0 l\u2019importance du patrimoine et de sa sauvegarde. C\u2019est ce qui fait notre Maroc d\u2019aujourd\u2019hui et celui de demain. A bon entendeur\u00a0!<\/p>\n<p>L\u2019article <a rel=\"nofollow\" href=\"http:\/\/albayane.press.ma\/patrimoine-3.html\">Patrimoine !<\/a> est apparu en premier sur <a rel=\"nofollow\" href=\"http:\/\/albayane.press.ma\/\">ALBAYANE<\/a>.<\/p>\n<\/div>\n<p>Auteur: M&rsquo;hammed rahal<br \/>\n<a href=\"http:\/\/albayane.press.ma\/patrimoine-3.html\">Cliquez ici pour lire l&rsquo;article depuis sa source.<\/a><\/p>\n","protected":false},"excerpt":{"rendered":"<p>Sur le vif\u2026 Mohamed\u00a0 Nait Youssef Incontestablement, la pr\u00e9servation, la r\u00e9habilitation et la conservation de la m\u00e9moire et du patrimoine ont \u00e9t\u00e9 au c\u0153ur des pr\u00e9occupations de notre pays depuis quelques ann\u00e9es d\u00e9j\u00e0. En effet, la m\u00e9moire a d\u00e9sormais une demeure afin de mettre en valeur la singularit\u00e9 de l\u2019histoire, notre Histoire fond\u00e9e sur la [&hellip;]<\/p>\n","protected":false},"author":1760,"featured_media":0,"comment_status":"closed","ping_status":"closed","sticky":false,"template":"","format":"standard","meta":{"fifu_image_url":"","fifu_image_alt":"","footnotes":""},"categories":[73,54],"tags":[],"class_list":["post-120160","post","type-post","status-publish","format-standard","hentry","category-actualite","category-maroc"],"_links":{"self":[{"href":"https:\/\/linitiative.ca\/International\/wp-json\/wp\/v2\/posts\/120160","targetHints":{"allow":["GET"]}}],"collection":[{"href":"https:\/\/linitiative.ca\/International\/wp-json\/wp\/v2\/posts"}],"about":[{"href":"https:\/\/linitiative.ca\/International\/wp-json\/wp\/v2\/types\/post"}],"author":[{"embeddable":true,"href":"https:\/\/linitiative.ca\/International\/wp-json\/wp\/v2\/users\/1760"}],"replies":[{"embeddable":true,"href":"https:\/\/linitiative.ca\/International\/wp-json\/wp\/v2\/comments?post=120160"}],"version-history":[{"count":0,"href":"https:\/\/linitiative.ca\/International\/wp-json\/wp\/v2\/posts\/120160\/revisions"}],"wp:attachment":[{"href":"https:\/\/linitiative.ca\/International\/wp-json\/wp\/v2\/media?parent=120160"}],"wp:term":[{"taxonomy":"category","embeddable":true,"href":"https:\/\/linitiative.ca\/International\/wp-json\/wp\/v2\/categories?post=120160"},{"taxonomy":"post_tag","embeddable":true,"href":"https:\/\/linitiative.ca\/International\/wp-json\/wp\/v2\/tags?post=120160"}],"curies":[{"name":"wp","href":"https:\/\/api.w.org\/{rel}","templated":true}]}}