{"id":120162,"date":"2021-07-01T13:00:00","date_gmt":"2021-07-01T17:00:00","guid":{"rendered":"https:\/\/linitiative.ca\/International\/fethi-ghares-place-sous-mandat-de-depot\/"},"modified":"2021-07-01T13:00:00","modified_gmt":"2021-07-01T17:00:00","slug":"fethi-ghares-place-sous-mandat-de-depot","status":"publish","type":"post","link":"https:\/\/linitiative.ca\/International\/fethi-ghares-place-sous-mandat-de-depot\/","title":{"rendered":"Fethi Ghares plac\u00e9 sous mandat de d\u00e9p\u00f4t"},"content":{"rendered":"<div>Le coordinateur national du Mouvement d\u00e9mocratique et social, Fethi Ghares, a \u00e9t\u00e9 plac\u00e9, ce jeudi, sous mandat de d\u00e9p\u00f4t&#8230;<\/div>\n<p>Auteur:<br \/>\n<a href=\"https:\/\/www.liberte-algerie.com\/actualite\/fethi-ghares-place-sous-mandat-de-depot-361266\">Cliquez ici pour lire l&rsquo;article depuis sa source.<\/a><\/p>\n","protected":false},"excerpt":{"rendered":"<p>Le coordinateur national du Mouvement d\u00e9mocratique et social, Fethi Ghares, a \u00e9t\u00e9 plac\u00e9, ce jeudi, sous mandat de d\u00e9p\u00f4t&#8230; Auteur: Cliquez ici pour lire l&rsquo;article depuis sa source.<\/p>\n","protected":false},"author":1742,"featured_media":0,"comment_status":"closed","ping_status":"closed","sticky":false,"template":"","format":"standard","meta":{"fifu_image_url":"","fifu_image_alt":"","footnotes":""},"categories":[73,53],"tags":[],"class_list":["post-120162","post","type-post","status-publish","format-standard","hentry","category-actualite","category-algerie"],"_links":{"self":[{"href":"https:\/\/linitiative.ca\/International\/wp-json\/wp\/v2\/posts\/120162","targetHints":{"allow":["GET"]}}],"collection":[{"href":"https:\/\/linitiative.ca\/International\/wp-json\/wp\/v2\/posts"}],"about":[{"href":"https:\/\/linitiative.ca\/International\/wp-json\/wp\/v2\/types\/post"}],"author":[{"embeddable":true,"href":"https:\/\/linitiative.ca\/International\/wp-json\/wp\/v2\/users\/1742"}],"replies":[{"embeddable":true,"href":"https:\/\/linitiative.ca\/International\/wp-json\/wp\/v2\/comments?post=120162"}],"version-history":[{"count":0,"href":"https:\/\/linitiative.ca\/International\/wp-json\/wp\/v2\/posts\/120162\/revisions"}],"wp:attachment":[{"href":"https:\/\/linitiative.ca\/International\/wp-json\/wp\/v2\/media?parent=120162"}],"wp:term":[{"taxonomy":"category","embeddable":true,"href":"https:\/\/linitiative.ca\/International\/wp-json\/wp\/v2\/categories?post=120162"},{"taxonomy":"post_tag","embeddable":true,"href":"https:\/\/linitiative.ca\/International\/wp-json\/wp\/v2\/tags?post=120162"}],"curies":[{"name":"wp","href":"https:\/\/api.w.org\/{rel}","templated":true}]}}