{"id":120167,"date":"2021-07-02T10:01:08","date_gmt":"2021-07-02T14:01:08","guid":{"rendered":"https:\/\/linitiative.ca\/International\/la-renaissance-de-zemamra-arrache-le-nul-contre-locs\/"},"modified":"2021-07-02T10:01:08","modified_gmt":"2021-07-02T14:01:08","slug":"la-renaissance-de-zemamra-arrache-le-nul-contre-locs","status":"publish","type":"post","link":"https:\/\/linitiative.ca\/International\/la-renaissance-de-zemamra-arrache-le-nul-contre-locs\/","title":{"rendered":"La Renaissance de Zemamra arrache le nul contre l\u2019OCS"},"content":{"rendered":"<div>\n<div style=\"margin-bottom:20px;\"><img loading=\"lazy\" decoding=\"async\" width=\"750\" height=\"430\" src=\"https:\/\/linitiative.ca\/International\/wp-content\/uploads\/sites\/23\/2021\/07\/ocs.jpg\" class=\"attachment-post-thumbnail size-post-thumbnail wp-post-image\" alt=\"\" srcset=\"https:\/\/linitiative.ca\/International\/wp-content\/uploads\/sites\/23\/2021\/07\/ocs.jpg 750w, http:\/\/www.mapmarrakech.ma\/map\/uploads\/2021\/06\/ocs-300x172.jpg 300w\" sizes=\"auto, (max-width: 750px) 100vw, 750px\"><\/div>\n<p>Les deux buts des Safiots ont \u00e9t\u00e9 l\u2019\u0153uvre de Claudio Santos (22\u00e8) et Salaheddine Benyachou (40\u00e8). Mohamed Douik a marqu\u00e9 le doubl\u00e9 pour les visiteurs (13\u00e8, 47\u00e8).<\/p>\n<p>Suite \u00e0 ce r\u00e9sultat, l\u2019OCS occupe d\u00e9sormais la 6\u00e8 position (31 pts) ex aequo avec le Moghreb de T\u00e9touan, tandis que la Renaissance, malgr\u00e9 le point r\u00e9colt\u00e9 lors de ce match, reste lanterne rouge avec 21 unit\u00e9s.<\/p>\n<p>Avant cette rencontre, l\u2019AS FAR a domin\u00e9 la Renaissance de Berkane (3-1) et le Chabab Mohammedia a d\u00e9croch\u00e9 une pr\u00e9cieuse victoire sur la pelouse de l\u2019Ittihad de Tanger (1-0).<\/p>\n<p>The post <a rel=\"nofollow\" href=\"http:\/\/www.mapmarrakech.ma\/fr\/la-renaissance-de-zemamra-arrache-le-nul-contre-locs\/\">La Renaissance de Zemamra arrache le nul contre l\u2019OCS<\/a> appeared first on <a rel=\"nofollow\" href=\"http:\/\/www.mapmarrakech.ma\/fr\">MapMarrakech<\/a>.<\/p>\n<\/div>\n<p>Auteur: Meriem IGASS<br \/>\n<a href=\"http:\/\/www.mapmarrakech.ma\/fr\/la-renaissance-de-zemamra-arrache-le-nul-contre-locs\/\">Cliquez ici pour lire l&rsquo;article depuis sa source.<\/a><\/p>\n","protected":false},"excerpt":{"rendered":"<p>Les deux buts des Safiots ont \u00e9t\u00e9 l\u2019\u0153uvre de Claudio Santos (22\u00e8) et Salaheddine Benyachou (40\u00e8). Mohamed Douik a marqu\u00e9 le doubl\u00e9 pour les visiteurs (13\u00e8, 47\u00e8). Suite \u00e0 ce r\u00e9sultat, l\u2019OCS occupe d\u00e9sormais la 6\u00e8 position (31 pts) ex aequo avec le Moghreb de T\u00e9touan, tandis que la Renaissance, malgr\u00e9 le point r\u00e9colt\u00e9 lors [&hellip;]<\/p>\n","protected":false},"author":1788,"featured_media":0,"comment_status":"closed","ping_status":"closed","sticky":false,"template":"","format":"standard","meta":{"fifu_image_url":"http:\/\/www.mapmarrakech.ma\/map\/uploads\/2021\/06\/ocs.jpg","fifu_image_alt":"La Renaissance de Zemamra arrache le nul contre l\u2019OCS","footnotes":""},"categories":[54,76],"tags":[],"class_list":["post-120167","post","type-post","status-publish","format-standard","hentry","category-maroc","category-regions"],"_links":{"self":[{"href":"https:\/\/linitiative.ca\/International\/wp-json\/wp\/v2\/posts\/120167","targetHints":{"allow":["GET"]}}],"collection":[{"href":"https:\/\/linitiative.ca\/International\/wp-json\/wp\/v2\/posts"}],"about":[{"href":"https:\/\/linitiative.ca\/International\/wp-json\/wp\/v2\/types\/post"}],"author":[{"embeddable":true,"href":"https:\/\/linitiative.ca\/International\/wp-json\/wp\/v2\/users\/1788"}],"replies":[{"embeddable":true,"href":"https:\/\/linitiative.ca\/International\/wp-json\/wp\/v2\/comments?post=120167"}],"version-history":[{"count":0,"href":"https:\/\/linitiative.ca\/International\/wp-json\/wp\/v2\/posts\/120167\/revisions"}],"wp:attachment":[{"href":"https:\/\/linitiative.ca\/International\/wp-json\/wp\/v2\/media?parent=120167"}],"wp:term":[{"taxonomy":"category","embeddable":true,"href":"https:\/\/linitiative.ca\/International\/wp-json\/wp\/v2\/categories?post=120167"},{"taxonomy":"post_tag","embeddable":true,"href":"https:\/\/linitiative.ca\/International\/wp-json\/wp\/v2\/tags?post=120167"}],"curies":[{"name":"wp","href":"https:\/\/api.w.org\/{rel}","templated":true}]}}