{"id":120169,"date":"2021-07-02T10:20:33","date_gmt":"2021-07-02T14:20:33","guid":{"rendered":"https:\/\/linitiative.ca\/International\/rencontre-sur-la-lutte-contre-la-deperdition-scolaire\/"},"modified":"2021-07-02T10:20:33","modified_gmt":"2021-07-02T14:20:33","slug":"rencontre-sur-la-lutte-contre-la-deperdition-scolaire","status":"publish","type":"post","link":"https:\/\/linitiative.ca\/International\/rencontre-sur-la-lutte-contre-la-deperdition-scolaire\/","title":{"rendered":"Rencontre sur la lutte contre la d\u00e9perdition scolaire"},"content":{"rendered":"<div>\n<div style=\"margin-bottom:20px;\"><img loading=\"lazy\" decoding=\"async\" width=\"750\" height=\"430\" src=\"https:\/\/linitiative.ca\/International\/wp-content\/uploads\/sites\/23\/2021\/07\/direction-provinciale-essaouira-copier-1.jpg\" class=\"attachment-post-thumbnail size-post-thumbnail wp-post-image\" alt=\"\" srcset=\"https:\/\/linitiative.ca\/International\/wp-content\/uploads\/sites\/23\/2021\/07\/direction-provinciale-essaouira-copier-1.jpg 750w, http:\/\/www.mapmarrakech.ma\/map\/uploads\/2021\/07\/direction-provinciale-essaouira-copier-1-300x172.jpg 300w\" sizes=\"auto, (max-width: 750px) 100vw, 750px\"><\/div>\n<p>Cette rencontre intervient dans le cadre de la mise en \u0153uvre de la convention-cadre de partenariat et de coop\u00e9ration, sign\u00e9e dans ce sens entre le minist\u00e8re de l\u2019\u00c9ducation nationale, de la Formation professionnelle, de l\u2019Enseignement sup\u00e9rieur et de la Recherche scientifique, et la Pr\u00e9sidence du Minist\u00e8re public.<\/p>\n<p>Cette r\u00e9union, \u00e0 laquelle ont pris part les membres du comit\u00e9 provincial du suivi de la mise en \u0153uvre de ladite convention, des repr\u00e9sentants des associations des parents et tuteurs des \u00e9l\u00e8ves et des associations partenaires, le repr\u00e9sentant de la Commission R\u00e9gionale des Droits de l\u2019Homme (CRDH) de Marrakech-Safi, et les directeurs des \u00e9tablissements scolaires cibl\u00e9s, a \u00e9t\u00e9 l\u2019occasion pour la pr\u00e9sentation d\u2019un expos\u00e9 sur les principaux axes de cette importante convention et le plan provincial propos\u00e9 par la Direction pour la lutte contre la d\u00e9perdition scolaire et le mariage des mineures.<\/p>\n<p>L\u2019accent a \u00e9t\u00e9 ainsi mis sur l\u2019\u00e9tat des lieux et les indicateurs de scolarit\u00e9 dans les zones d\u2019intervention prioritaires, indique un communiqu\u00e9 de la Direction provinciale.<\/p>\n<p>Au cours de cette rencontre, les intervenants ont \u00e9mis des observations et des suggestions li\u00e9es au volet organisationnel, notamment l\u2019\u00e9largissement du comit\u00e9 provincial et l\u2019association d\u2019autres acteurs, ainsi qu\u2019\u00e0 l\u2019aspect proc\u00e9dural \u00e0 travers l\u2019enrichissement du plan provincial et la d\u00e9finition de ses activit\u00e9s tout en fixant les obligations et responsabilit\u00e9s des parties concern\u00e9es.<\/p>\n<p>A noter que la r\u00e9gion Marrakech-Safi a \u00e9t\u00e9 choisie comme mod\u00e8le pour la mise en \u0153uvre de cette convention en perspective de la g\u00e9n\u00e9ralisation de cette exp\u00e9rience \u00e0 l\u2019ensemble du territoire national.<\/p>\n<p>The post <a rel=\"nofollow\" href=\"http:\/\/www.mapmarrakech.ma\/fr\/rencontre-sur-la-lutte-contre-la-deperdition-scolaire\/\">Rencontre sur la lutte contre la d\u00e9perdition scolaire<\/a> appeared first on <a rel=\"nofollow\" href=\"http:\/\/www.mapmarrakech.ma\/fr\">MapMarrakech<\/a>.<\/p>\n<\/div>\n<p>Auteur: Meriem IGASS<br \/>\n<a href=\"http:\/\/www.mapmarrakech.ma\/fr\/rencontre-sur-la-lutte-contre-la-deperdition-scolaire\/\">Cliquez ici pour lire l&rsquo;article depuis sa source.<\/a><\/p>\n","protected":false},"excerpt":{"rendered":"<p>Cette rencontre intervient dans le cadre de la mise en \u0153uvre de la convention-cadre de partenariat et de coop\u00e9ration, sign\u00e9e dans ce sens entre le minist\u00e8re de l\u2019\u00c9ducation nationale, de la Formation professionnelle, de l\u2019Enseignement sup\u00e9rieur et de la Recherche scientifique, et la Pr\u00e9sidence du Minist\u00e8re public. Cette r\u00e9union, \u00e0 laquelle ont pris part les [&hellip;]<\/p>\n","protected":false},"author":1788,"featured_media":0,"comment_status":"closed","ping_status":"closed","sticky":false,"template":"","format":"standard","meta":{"fifu_image_url":"http:\/\/www.mapmarrakech.ma\/map\/uploads\/2021\/07\/direction-provinciale-essaouira-copier-1.jpg","fifu_image_alt":"Rencontre sur la lutte contre la d\u00e9perdition scolaire","footnotes":""},"categories":[54,76],"tags":[],"class_list":["post-120169","post","type-post","status-publish","format-standard","hentry","category-maroc","category-regions"],"_links":{"self":[{"href":"https:\/\/linitiative.ca\/International\/wp-json\/wp\/v2\/posts\/120169","targetHints":{"allow":["GET"]}}],"collection":[{"href":"https:\/\/linitiative.ca\/International\/wp-json\/wp\/v2\/posts"}],"about":[{"href":"https:\/\/linitiative.ca\/International\/wp-json\/wp\/v2\/types\/post"}],"author":[{"embeddable":true,"href":"https:\/\/linitiative.ca\/International\/wp-json\/wp\/v2\/users\/1788"}],"replies":[{"embeddable":true,"href":"https:\/\/linitiative.ca\/International\/wp-json\/wp\/v2\/comments?post=120169"}],"version-history":[{"count":0,"href":"https:\/\/linitiative.ca\/International\/wp-json\/wp\/v2\/posts\/120169\/revisions"}],"wp:attachment":[{"href":"https:\/\/linitiative.ca\/International\/wp-json\/wp\/v2\/media?parent=120169"}],"wp:term":[{"taxonomy":"category","embeddable":true,"href":"https:\/\/linitiative.ca\/International\/wp-json\/wp\/v2\/categories?post=120169"},{"taxonomy":"post_tag","embeddable":true,"href":"https:\/\/linitiative.ca\/International\/wp-json\/wp\/v2\/tags?post=120169"}],"curies":[{"name":"wp","href":"https:\/\/api.w.org\/{rel}","templated":true}]}}