{"id":120171,"date":"2021-07-02T12:28:36","date_gmt":"2021-07-02T16:28:36","guid":{"rendered":"https:\/\/linitiative.ca\/International\/seminaire-sur-la-politique-etrangere-du-maroc\/"},"modified":"2021-07-02T12:28:36","modified_gmt":"2021-07-02T16:28:36","slug":"seminaire-sur-la-politique-etrangere-du-maroc","status":"publish","type":"post","link":"https:\/\/linitiative.ca\/International\/seminaire-sur-la-politique-etrangere-du-maroc\/","title":{"rendered":"S\u00e9minaire sur la politique \u00e9trang\u00e8re du Maroc"},"content":{"rendered":"<div>\n<div style=\"margin-bottom:20px;\"><img loading=\"lazy\" decoding=\"async\" width=\"750\" height=\"430\" src=\"https:\/\/linitiative.ca\/International\/wp-content\/uploads\/sites\/23\/2021\/07\/UCA-Marrakech-1-copier.jpg\" class=\"attachment-post-thumbnail size-post-thumbnail wp-post-image\" alt=\"\" srcset=\"https:\/\/linitiative.ca\/International\/wp-content\/uploads\/sites\/23\/2021\/07\/UCA-Marrakech-1-copier.jpg 750w, http:\/\/www.mapmarrakech.ma\/map\/uploads\/2020\/07\/UCA-Marrakech-1-copier-300x172.jpg 300w\" sizes=\"auto, (max-width: 750px) 100vw, 750px\"><\/div>\n<p>S\u2019exprimant lors de ce webinaire, qui a connu la participation d\u2019un parterre de professeurs et chercheurs, le doyen de la FSJES de Marrakech, Abdelkarim Taleb, a soulign\u00e9 que le Royaume a su, gr\u00e2ce \u00e0 la politique sage de Sa Majest\u00e9 le Roi Mohammed VI, occuper une place distingu\u00e9e \u00e0 l\u2019\u00e9chelle r\u00e9gionale et internationale.<\/p>\n<p>Le Maroc a gagn\u00e9 le respect de la communaut\u00e9 internationale \u00e0 la faveur de sa politique \u00e9trang\u00e8re \u00e9quilibr\u00e9e, fond\u00e9e sur la d\u00e9fense des questions et des int\u00e9r\u00eats nationaux, l\u2019adoption d\u2019une approche de coop\u00e9ration et de solidarit\u00e9 ainsi que sur la contribution au r\u00e8glement des conflits et \u00e0 l\u2019instauration de la paix et de la s\u00e9curit\u00e9 internationales et ce, conform\u00e9ment aux dispositions de la Constitution qui stipule, dans son pr\u00e9ambule, la poursuite de l\u2019action pour le maintien de la paix et de la s\u00e9curit\u00e9 dans le monde, et le renforcement des relations de coop\u00e9ration sur les plans arabe, islamique, africain et international.<\/p>\n<p>Il a, dans la foul\u00e9e, mis en avant l\u2019efficacit\u00e9 et l\u2019efficience de la diplomatie marocaine dans le traitement de plusieurs dossiers et situations auxquelles le Royaume a \u00e9t\u00e9 confront\u00e9 ces derni\u00e8res ann\u00e9es.<\/p>\n<p>De son c\u00f4t\u00e9, le directeur du Laboratoire des \u00e9tudes constitutionnelles et d\u2019analyse des crises et politiques, Driss Lagrini a abord\u00e9 les mutations qu\u2019a connues le monde en termes d\u2019\u00e9volution des priorit\u00e9s et de recrudescence des menaces transfrontali\u00e8res, les changements ayant touch\u00e9 les piliers du syst\u00e8me international avec l\u2019\u00e9mergence de grandes puissances internationales ainsi que le changement survenu au niveau des rapports de force internationaux et r\u00e9gionaux.<\/p>\n<p>Le Maroc a \u0153uvr\u00e9 en vue d\u2019adapter sa politique \u00e9trang\u00e8re \u00e0 ces changements, tout en veillant \u00e0 pr\u00e9server les constantes et les d\u00e9terminants de cette politique, a-t-il expliqu\u00e9, ajoutant que le Royaume a su ces derni\u00e8res ann\u00e9es g\u00e9rer plusieurs \u00e9tapes de pression auxquelles ont fait face les int\u00e9r\u00eats vitaux du pays.<\/p>\n<p>Le programme de cette rencontre virtuelle comportait aussi un panel anim\u00e9 par un parterre de professeurs universitaires et de chercheurs.<\/p>\n<p>The post <a rel=\"nofollow\" href=\"http:\/\/www.mapmarrakech.ma\/fr\/seminaire-sur-la-politique-etrangere-du-maroc\/\">S\u00e9minaire sur la politique \u00e9trang\u00e8re du Maroc<\/a> appeared first on <a rel=\"nofollow\" href=\"http:\/\/www.mapmarrakech.ma\/fr\">MapMarrakech<\/a>.<\/p>\n<\/div>\n<p>Auteur: Meriem IGASS<br \/>\n<a href=\"http:\/\/www.mapmarrakech.ma\/fr\/seminaire-sur-la-politique-etrangere-du-maroc\/\">Cliquez ici pour lire l&rsquo;article depuis sa source.<\/a><\/p>\n","protected":false},"excerpt":{"rendered":"<p>S\u2019exprimant lors de ce webinaire, qui a connu la participation d\u2019un parterre de professeurs et chercheurs, le doyen de la FSJES de Marrakech, Abdelkarim Taleb, a soulign\u00e9 que le Royaume a su, gr\u00e2ce \u00e0 la politique sage de Sa Majest\u00e9 le Roi Mohammed VI, occuper une place distingu\u00e9e \u00e0 l\u2019\u00e9chelle r\u00e9gionale et internationale. Le Maroc [&hellip;]<\/p>\n","protected":false},"author":1788,"featured_media":0,"comment_status":"closed","ping_status":"closed","sticky":false,"template":"","format":"standard","meta":{"fifu_image_url":"http:\/\/www.mapmarrakech.ma\/map\/uploads\/2020\/07\/UCA-Marrakech-1-copier.jpg","fifu_image_alt":"S\u00e9minaire sur la politique \u00e9trang\u00e8re du Maroc","footnotes":""},"categories":[54,76],"tags":[],"class_list":["post-120171","post","type-post","status-publish","format-standard","hentry","category-maroc","category-regions"],"_links":{"self":[{"href":"https:\/\/linitiative.ca\/International\/wp-json\/wp\/v2\/posts\/120171","targetHints":{"allow":["GET"]}}],"collection":[{"href":"https:\/\/linitiative.ca\/International\/wp-json\/wp\/v2\/posts"}],"about":[{"href":"https:\/\/linitiative.ca\/International\/wp-json\/wp\/v2\/types\/post"}],"author":[{"embeddable":true,"href":"https:\/\/linitiative.ca\/International\/wp-json\/wp\/v2\/users\/1788"}],"replies":[{"embeddable":true,"href":"https:\/\/linitiative.ca\/International\/wp-json\/wp\/v2\/comments?post=120171"}],"version-history":[{"count":0,"href":"https:\/\/linitiative.ca\/International\/wp-json\/wp\/v2\/posts\/120171\/revisions"}],"wp:attachment":[{"href":"https:\/\/linitiative.ca\/International\/wp-json\/wp\/v2\/media?parent=120171"}],"wp:term":[{"taxonomy":"category","embeddable":true,"href":"https:\/\/linitiative.ca\/International\/wp-json\/wp\/v2\/categories?post=120171"},{"taxonomy":"post_tag","embeddable":true,"href":"https:\/\/linitiative.ca\/International\/wp-json\/wp\/v2\/tags?post=120171"}],"curies":[{"name":"wp","href":"https:\/\/api.w.org\/{rel}","templated":true}]}}