{"id":120173,"date":"2021-07-01T16:46:20","date_gmt":"2021-07-01T20:46:20","guid":{"rendered":"https:\/\/linitiative.ca\/International\/enseignement-secondaire-loperation-de-reorientation-du-1er-au-20-juillet\/"},"modified":"2021-07-01T16:46:20","modified_gmt":"2021-07-01T20:46:20","slug":"enseignement-secondaire-loperation-de-reorientation-du-1er-au-20-juillet","status":"publish","type":"post","link":"https:\/\/linitiative.ca\/International\/enseignement-secondaire-loperation-de-reorientation-du-1er-au-20-juillet\/","title":{"rendered":"Enseignement secondaire : l\u2019op\u00e9ration de r\u00e9orientation du 1er au 20 juillet"},"content":{"rendered":"<div>\n<div style=\"margin-bottom:20px;\"><img loading=\"lazy\" decoding=\"async\" width=\"750\" height=\"430\" src=\"https:\/\/linitiative.ca\/International\/wp-content\/uploads\/sites\/23\/2021\/07\/SiC3A8ge-MinistC3A8re-de-lE28099C389ducation-Nationale-750C397430-MAP.jpg\" class=\"attachment-post-thumbnail size-post-thumbnail wp-post-image\" alt=\"\" srcset=\"https:\/\/linitiative.ca\/International\/wp-content\/uploads\/sites\/23\/2021\/07\/SiC3A8ge-MinistC3A8re-de-lE28099C389ducation-Nationale-750C397430-MAP.jpg 750w, http:\/\/www.mapoujda.ma\/map\/uploads\/2021\/01\/Si\u00e8ge-Minist\u00e8re-de-l\u2019\u00c9ducation-Nationale-750\u00d7430-MAP-300x172.jpg 300w\" sizes=\"auto, (max-width: 750px) 100vw, 750px\"><\/div>\n<p style=\"text-align: justify;\">L\u2019op\u00e9ration de r\u00e9orientation au titre de l\u2019ann\u00e9e 2021 se d\u00e9roulera dans tous les \u00e9tablissements de l\u2019enseignement secondaire du 1er au 20 juillet, a indiqu\u00e9 le minist\u00e8re de l\u2019\u00c9ducation nationale, de la formation professionnelle, de l\u2019enseignement sup\u00e9rieur et de la recherche scientifique.<\/p>\n<p style=\"text-align: justify;\">Les \u00e9l\u00e8ves d\u00e9sirant revoir les d\u00e9cisions d\u2019orientation prononc\u00e9es par les conseils de classes devront renseigner leur choix via le syst\u00e8me \u00ab\u00a0Massar\u00a0\u00bb, sur le lien https:\/\/massarservice.men.gov.ma\/moutamadris\/Account\u00a0\u00bb, pr\u00e9cise le minist\u00e8re dans un communiqu\u00e9, indiquant qu\u2019ils doivent ensuite d\u00e9poser leur demande tir\u00e9e de l\u2019espace \u00ab\u00a0Moutamadris\u00a0\u00bb et sign\u00e9e par leur tuteur aupr\u00e8s de l\u2019administration de l\u2019\u00e9tablissement scolaire avant la rentr\u00e9e scolaire.<\/p>\n<p style=\"text-align: justify;\">Les \u00e9l\u00e8ves concern\u00e9s pourront contacter les conseillers d\u2019orientation pour les aider \u00e0 exprimer et bien d\u00e9finir leur choix selon leur projet personnel, a-t-on ajout\u00e9 de m\u00eame source. Une nouvelle proc\u00e9dure d\u2019orientation a \u00e9t\u00e9 mise en place durant la saison scolaire 2020-2021, bas\u00e9e sur la centralit\u00e9 du projet personnel de l\u2019apprenti et ce\u00a0en vertu de la d\u00e9cision minist\u00e9rielle n\u00b0 013.21 du 17 f\u00e9vrier 2021.<\/p>\n<p style=\"text-align: justify;\">Pour plus d\u2019informations sur les proc\u00e9dures en vigueur en la mati\u00e8re, cette d\u00e9cision minist\u00e9rielle est accessible sur le site web officiel du minist\u00e8re de l\u2019\u00c9ducation nationale www.men.gov.ma.<\/p>\n<p>L\u2019article <a rel=\"nofollow\" href=\"http:\/\/www.mapoujda.ma\/fr\/enseignement-secondaire-loperation-de-reorientation-du-1er-au-20-juillet\/\">Enseignement secondaire : l\u2019op\u00e9ration de r\u00e9orientation du 1er au 20 juillet<\/a> est apparu en premier sur <a rel=\"nofollow\" href=\"http:\/\/www.mapoujda.ma\/fr\">MapOujda<\/a>.<\/p>\n<\/div>\n<p>Auteur: Soufiane ELAHMAR<br \/>\n<a href=\"http:\/\/www.mapoujda.ma\/fr\/enseignement-secondaire-loperation-de-reorientation-du-1er-au-20-juillet\/\">Cliquez ici pour lire l&rsquo;article depuis sa source.<\/a><\/p>\n","protected":false},"excerpt":{"rendered":"<p>L\u2019op\u00e9ration de r\u00e9orientation au titre de l\u2019ann\u00e9e 2021 se d\u00e9roulera dans tous les \u00e9tablissements de l\u2019enseignement secondaire du 1er au 20 juillet, a indiqu\u00e9 le minist\u00e8re de l\u2019\u00c9ducation nationale, de la formation professionnelle, de l\u2019enseignement sup\u00e9rieur et de la recherche scientifique. Les \u00e9l\u00e8ves d\u00e9sirant revoir les d\u00e9cisions d\u2019orientation prononc\u00e9es par les conseils de classes devront [&hellip;]<\/p>\n","protected":false},"author":1788,"featured_media":0,"comment_status":"closed","ping_status":"closed","sticky":false,"template":"","format":"standard","meta":{"fifu_image_url":"http:\/\/www.mapoujda.ma\/map\/uploads\/2021\/01\/Si\u00e8ge-Minist\u00e8re-de-l\u2019\u00c9ducation-Nationale-750\u00d7430-MAP.jpg","fifu_image_alt":"Enseignement secondaire : l\u2019op\u00e9ration de r\u00e9orientation du 1er au 20 juillet","footnotes":""},"categories":[54,76],"tags":[],"class_list":["post-120173","post","type-post","status-publish","format-standard","hentry","category-maroc","category-regions"],"_links":{"self":[{"href":"https:\/\/linitiative.ca\/International\/wp-json\/wp\/v2\/posts\/120173","targetHints":{"allow":["GET"]}}],"collection":[{"href":"https:\/\/linitiative.ca\/International\/wp-json\/wp\/v2\/posts"}],"about":[{"href":"https:\/\/linitiative.ca\/International\/wp-json\/wp\/v2\/types\/post"}],"author":[{"embeddable":true,"href":"https:\/\/linitiative.ca\/International\/wp-json\/wp\/v2\/users\/1788"}],"replies":[{"embeddable":true,"href":"https:\/\/linitiative.ca\/International\/wp-json\/wp\/v2\/comments?post=120173"}],"version-history":[{"count":0,"href":"https:\/\/linitiative.ca\/International\/wp-json\/wp\/v2\/posts\/120173\/revisions"}],"wp:attachment":[{"href":"https:\/\/linitiative.ca\/International\/wp-json\/wp\/v2\/media?parent=120173"}],"wp:term":[{"taxonomy":"category","embeddable":true,"href":"https:\/\/linitiative.ca\/International\/wp-json\/wp\/v2\/categories?post=120173"},{"taxonomy":"post_tag","embeddable":true,"href":"https:\/\/linitiative.ca\/International\/wp-json\/wp\/v2\/tags?post=120173"}],"curies":[{"name":"wp","href":"https:\/\/api.w.org\/{rel}","templated":true}]}}