{"id":120177,"date":"2021-07-01T17:03:21","date_gmt":"2021-07-01T21:03:21","guid":{"rendered":"https:\/\/linitiative.ca\/International\/el-otmani-attire-lattention-sur-levolution-preoccupante-de-la-situation-epidemiologique\/"},"modified":"2021-07-01T17:03:21","modified_gmt":"2021-07-01T21:03:21","slug":"el-otmani-attire-lattention-sur-levolution-preoccupante-de-la-situation-epidemiologique","status":"publish","type":"post","link":"https:\/\/linitiative.ca\/International\/el-otmani-attire-lattention-sur-levolution-preoccupante-de-la-situation-epidemiologique\/","title":{"rendered":"El Otmani attire l\u2019attention sur l\u2019\u00e9volution pr\u00e9occupante de la situation \u00e9pid\u00e9miologique"},"content":{"rendered":"<div>\n<div style=\"margin-bottom:20px;\"><img loading=\"lazy\" decoding=\"async\" width=\"750\" height=\"430\" src=\"https:\/\/linitiative.ca\/International\/wp-content\/uploads\/sites\/23\/2021\/07\/El-Otmani-prC3A9side-la-rC3A9union-du-Conseil-de-gouvernement-750C397430-MAPARCHIVE.jpg\" class=\"attachment-post-thumbnail size-post-thumbnail wp-post-image\" alt=\"\" srcset=\"https:\/\/linitiative.ca\/International\/wp-content\/uploads\/sites\/23\/2021\/07\/El-Otmani-prC3A9side-la-rC3A9union-du-Conseil-de-gouvernement-750C397430-MAPARCHIVE.jpg 750w, http:\/\/www.mapoujda.ma\/map\/uploads\/2021\/06\/El-Otmani-pr\u00e9side-la-r\u00e9union-du-Conseil-de-gouvernement-750\u00d7430-MAPARCHIVE-300x172.jpg 300w\" sizes=\"auto, (max-width: 750px) 100vw, 750px\"><\/div>\n<div class=\"entry-content clearfix single-post-content\">\n<p style=\"text-align: justify;\">La situation \u00e9pid\u00e9miologique li\u00e9e \u00e0 la pand\u00e9mie de coronavirus au Royaume devient pr\u00e9occupante apr\u00e8s la hause des nombres de cas de contamination et des cas actifs qui ont presque doubl\u00e9 durant les deux derni\u00e8res semaines, outre le nombre croissant des cas critiques et le taux \u00e9lev\u00e9 d\u2019occupation des h\u00f4pitaux, a affirm\u00e9, jeudi, le chef du gouvernement, Saad Dine El Otmani, appelant \u00e0 davantage de vigilance et de pr\u00e9caution.<\/p>\n<p style=\"text-align: justify;\">Intervenant \u00e0 l\u2019ouverture du Conseil de gouvernement, M. El Otmani a soulign\u00e9 que vu ce d\u00e9veloppement, le gouvernement a d\u00e9cid\u00e9 de tenir \u00e0 nouveau ses r\u00e9unions hebdomadaires \u00e0 distance pour r\u00e9affirmer le caract\u00e8re s\u00e9rieux de la situation qui ne doit souffrir d\u2019aucune sous-estimation et pour donner un signal fort et clair aux citoyens, indique un communiqu\u00e9 rendu public \u00e0 l\u2019issue du conseil.<\/p>\n<p style=\"text-align: justify;\">Il a, \u00e0 cette occasion, appel\u00e9 \u00e0 nouveau les citoyens, les institutions et les acteurs \u00e0 redoubler d\u2019efforts et \u00e0 faire preuve d\u2019une grande vigilance et ce, \u00e0 travers le respect des mesures de pr\u00e9caution n\u00e9cessaires. Le but \u00e9tant d\u2019\u00e9viter toute rechute comme c\u2019est le cas dans plusieurs pays.<\/p>\n<p style=\"text-align: justify;\">A cet \u00e9gard, le ministre de la sant\u00e9 a pr\u00e9sent\u00e9 une note dans laquelle il affirme que sur la base de l\u2019analyse des chiffres et donn\u00e9es sur la situation \u00e9pid\u00e9miologique durant les derniers temps, il est n\u00e9cessaire de continuer \u00e0 respecter les mesures de pr\u00e9caution en vigueur.<\/p>\n<p style=\"text-align: justify;\">Par ailleurs, M. El Otmani a soulign\u00e9 que le conseil de gouvernement se tient dans un contexte marqu\u00e9 par nombre de bonnes nouvelles et d\u2019autres qui appellent \u00e0 la vigilance et \u00e0 la pr\u00e9caution.<\/p>\n<p style=\"text-align: justify;\">S\u2019agissant de bonnes nouvelles, le chef du gouvernement a rappel\u00e9 l\u2019adoption lors du dernier Conseil des ministres, tenu sous la pr\u00e9sidence de SM le Roi Mohammed VI que Dieu L\u2019assiste, de nombre de textes importants, \u00e0 leur t\u00eate deux projets de loi-cadre portant sur deux grandes r\u00e9formes. Il s\u2019agit, en l\u2019occurrence, du projet de loi-cadre relatif \u00e0 la r\u00e9forme fiscale et du projet de loi-cadre relatif \u00e0 la r\u00e9forme des \u00e9tablissements et entreprises publics (EPP), notant que ces textes sont \u00e9labor\u00e9s en application des Hautes Instructions Royales contenues dans des discours royaux.<\/p>\n<p style=\"text-align: justify;\">M. El Otmani a soulign\u00e9 que les secteurs concern\u00e9s se sont mobilis\u00e9s pour \u00e9laborer ces textes, qui seront examin\u00e9s prochainement par le parlement, notant que ces textes vont renforcer l\u2019arsenal juridique \u00e9labor\u00e9 par le gouvernement et adopt\u00e9 pour la plupart par le parlement comme la loi-cadre sur la protection sociale et la loi-cadre sur la r\u00e9forme du syst\u00e8me d\u2019\u00e9ducation et de formation, entre autres, textes importants.<\/p>\n<p style=\"text-align: justify;\">Ainsi, a-t-il poursuivi, le gouvernement a su en fin de son mandat tracer les contours de la prochaine \u00e9tape \u00e0 travers ces projets de loi-cadre, ce qui facilitera l\u2019application des r\u00e9formes y aff\u00e9rentes, ainsi que l\u2019\u00e9laboration de textes de lois n\u00e9cessaires, notant que ces lois vont permettre de r\u00e9unir les conditions et m\u00e9canismes de la relance \u00e9conomique post-coronavirus et s\u2019ajouteront \u00e0 d\u2019autres r\u00e9formes \u00e0 caract\u00e8re \u00e9conomique et social important.<\/p>\n<p style=\"text-align: justify;\">L\u2019objectif est de sortir de la pand\u00e9mie de covid-19 et de surmonter ses impacts \u00e9conomiques et sociaux, a-t-il dit, notant qu\u2019il y a certains secteurs qui commencent \u00e0 se relancer.<\/p>\n<p style=\"text-align: justify;\">A cet \u00e9gard, il a soulign\u00e9 que le Maroc, sous la sage conduite de SM le Roi Mohammed VI, jouit actuellement d\u2019un grand respect et estime de la part de l\u2019ensemble de ses partenaires internationaux \u00e0 la faveur de son exp\u00e9rience dans la lutte contre la pand\u00e9mie de coronavirus et son approche pour relever ce grand d\u00e9fi sur les plans sanitaire, \u00e9conomique et social.<\/p>\n<p style=\"text-align: justify;\">Evoquant toujours les bonnes nouvelles, le chef du gouvernement a rappel\u00e9 le lancement de l\u2019op\u00e9ration de retour des Marocains r\u00e9sidant \u00e0 l\u2019\u00e9tranger +Marhaba 2021+, notant que cette op\u00e9ration a \u00e9t\u00e9 marqu\u00e9e par la mobilisation de l\u2019ensemble des parties prenantes, en application des Hautes Instructions de SM le Roi, afin de faciliter le retour des Marocains du monde \u00e0 la patrie notamment \u00e0 travers la baisse des prix du maritime et de l\u2019a\u00e9rien.<\/p>\n<p style=\"text-align: justify;\">Cette initiative a eu un impact positif sur les Marocains du monde, s\u2019est-il f\u00e9licit\u00e9, appelant l\u2019ensemble des parties prenantes \u00e0 poursuivre la coop\u00e9ration pour garantir le succ\u00e8s \u00e0 cette op\u00e9ration.<\/p>\n<\/div>\n<p>L\u2019article <a rel=\"nofollow\" href=\"http:\/\/www.mapoujda.ma\/fr\/el-otmani-attire-lattention-sur-levolution-preoccupante-de-la-situation-epidemiologique\/\">El Otmani attire l\u2019attention sur l\u2019\u00e9volution pr\u00e9occupante de la situation \u00e9pid\u00e9miologique<\/a> est apparu en premier sur <a rel=\"nofollow\" href=\"http:\/\/www.mapoujda.ma\/fr\">MapOujda<\/a>.<\/p>\n<\/div>\n<p>Auteur: Soufiane ELAHMAR<br \/>\n<a href=\"http:\/\/www.mapoujda.ma\/fr\/el-otmani-attire-lattention-sur-levolution-preoccupante-de-la-situation-epidemiologique\/\">Cliquez ici pour lire l&rsquo;article depuis sa source.<\/a><\/p>\n","protected":false},"excerpt":{"rendered":"<p>La situation \u00e9pid\u00e9miologique li\u00e9e \u00e0 la pand\u00e9mie de coronavirus au Royaume devient pr\u00e9occupante apr\u00e8s la hause des nombres de cas de contamination et des cas actifs qui ont presque doubl\u00e9 durant les deux derni\u00e8res semaines, outre le nombre croissant des cas critiques et le taux \u00e9lev\u00e9 d\u2019occupation des h\u00f4pitaux, a affirm\u00e9, jeudi, le chef du [&hellip;]<\/p>\n","protected":false},"author":1788,"featured_media":0,"comment_status":"closed","ping_status":"closed","sticky":false,"template":"","format":"standard","meta":{"fifu_image_url":"http:\/\/www.mapoujda.ma\/map\/uploads\/2021\/06\/El-Otmani-pr\u00e9side-la-r\u00e9union-du-Conseil-de-gouvernement-750\u00d7430-MAPARCHIVE.jpg","fifu_image_alt":"El Otmani attire l\u2019attention sur l\u2019\u00e9volution pr\u00e9occupante de la situation \u00e9pid\u00e9miologique","footnotes":""},"categories":[54,76],"tags":[],"class_list":["post-120177","post","type-post","status-publish","format-standard","hentry","category-maroc","category-regions"],"_links":{"self":[{"href":"https:\/\/linitiative.ca\/International\/wp-json\/wp\/v2\/posts\/120177","targetHints":{"allow":["GET"]}}],"collection":[{"href":"https:\/\/linitiative.ca\/International\/wp-json\/wp\/v2\/posts"}],"about":[{"href":"https:\/\/linitiative.ca\/International\/wp-json\/wp\/v2\/types\/post"}],"author":[{"embeddable":true,"href":"https:\/\/linitiative.ca\/International\/wp-json\/wp\/v2\/users\/1788"}],"replies":[{"embeddable":true,"href":"https:\/\/linitiative.ca\/International\/wp-json\/wp\/v2\/comments?post=120177"}],"version-history":[{"count":0,"href":"https:\/\/linitiative.ca\/International\/wp-json\/wp\/v2\/posts\/120177\/revisions"}],"wp:attachment":[{"href":"https:\/\/linitiative.ca\/International\/wp-json\/wp\/v2\/media?parent=120177"}],"wp:term":[{"taxonomy":"category","embeddable":true,"href":"https:\/\/linitiative.ca\/International\/wp-json\/wp\/v2\/categories?post=120177"},{"taxonomy":"post_tag","embeddable":true,"href":"https:\/\/linitiative.ca\/International\/wp-json\/wp\/v2\/tags?post=120177"}],"curies":[{"name":"wp","href":"https:\/\/api.w.org\/{rel}","templated":true}]}}