{"id":120183,"date":"2021-07-02T06:12:20","date_gmt":"2021-07-02T10:12:20","guid":{"rendered":"https:\/\/linitiative.ca\/International\/berd-le-maroc-participe-a-la-30eme-assemblee-annuelle\/"},"modified":"2021-07-02T06:12:20","modified_gmt":"2021-07-02T10:12:20","slug":"berd-le-maroc-participe-a-la-30eme-assemblee-annuelle","status":"publish","type":"post","link":"https:\/\/linitiative.ca\/International\/berd-le-maroc-participe-a-la-30eme-assemblee-annuelle\/","title":{"rendered":"BERD: le Maroc participe \u00e0 la 30\u00e8me Assembl\u00e9e annuelle"},"content":{"rendered":"<div>\n<div class=\"field field-name-body field-type-text-with-summary field-label-hidden\">\n<div class=\"field-items\">\n<div class=\"field-item even\" property=\"content:encoded\">\n<p class=\"rtejustify\">Le ministre de l&rsquo;Economie, des finances et de la r\u00e9forme de l&rsquo;administration, Mohamed Bencha\u00e2boun, en sa qualit\u00e9 de Gouverneur pour le Royaume du Maroc de la Banque europ\u00e9enne pour la Reconstruction et le D\u00e9veloppement (BERD), a pris part aux travaux de la 30\u00e8me Assembl\u00e9e annuelle de la Banque.<\/p>\n<\/div>\n<\/div>\n<\/div>\n<\/div>\n<p>Auteur: mbasraoui<br \/>\n<a href=\"https:\/\/www.leconomiste.com\/flash-infos\/berd-le-maroc-participe-la-30eme-assemblee-annuelle\">Cliquez ici pour lire l&rsquo;article depuis sa source.<\/a><\/p>\n","protected":false},"excerpt":{"rendered":"<p>Le ministre de l&rsquo;Economie, des finances et de la r\u00e9forme de l&rsquo;administration, Mohamed Bencha\u00e2boun, en sa qualit\u00e9 de Gouverneur pour le Royaume du Maroc de la Banque europ\u00e9enne pour la Reconstruction et le D\u00e9veloppement (BERD), a pris part aux travaux de la 30\u00e8me Assembl\u00e9e annuelle de la Banque. Auteur: mbasraoui Cliquez ici pour lire l&rsquo;article [&hellip;]<\/p>\n","protected":false},"author":1763,"featured_media":0,"comment_status":"closed","ping_status":"closed","sticky":false,"template":"","format":"standard","meta":{"fifu_image_url":"","fifu_image_alt":"","footnotes":""},"categories":[78,54],"tags":[],"class_list":["post-120183","post","type-post","status-publish","format-standard","hentry","category-economie","category-maroc"],"_links":{"self":[{"href":"https:\/\/linitiative.ca\/International\/wp-json\/wp\/v2\/posts\/120183","targetHints":{"allow":["GET"]}}],"collection":[{"href":"https:\/\/linitiative.ca\/International\/wp-json\/wp\/v2\/posts"}],"about":[{"href":"https:\/\/linitiative.ca\/International\/wp-json\/wp\/v2\/types\/post"}],"author":[{"embeddable":true,"href":"https:\/\/linitiative.ca\/International\/wp-json\/wp\/v2\/users\/1763"}],"replies":[{"embeddable":true,"href":"https:\/\/linitiative.ca\/International\/wp-json\/wp\/v2\/comments?post=120183"}],"version-history":[{"count":0,"href":"https:\/\/linitiative.ca\/International\/wp-json\/wp\/v2\/posts\/120183\/revisions"}],"wp:attachment":[{"href":"https:\/\/linitiative.ca\/International\/wp-json\/wp\/v2\/media?parent=120183"}],"wp:term":[{"taxonomy":"category","embeddable":true,"href":"https:\/\/linitiative.ca\/International\/wp-json\/wp\/v2\/categories?post=120183"},{"taxonomy":"post_tag","embeddable":true,"href":"https:\/\/linitiative.ca\/International\/wp-json\/wp\/v2\/tags?post=120183"}],"curies":[{"name":"wp","href":"https:\/\/api.w.org\/{rel}","templated":true}]}}