{"id":120186,"date":"2021-07-02T09:49:14","date_gmt":"2021-07-02T13:49:14","guid":{"rendered":"https:\/\/linitiative.ca\/International\/pasteque-le-fruit-est-parfaitement-conforme-aux-normes\/"},"modified":"2021-07-02T09:49:14","modified_gmt":"2021-07-02T13:49:14","slug":"pasteque-le-fruit-est-parfaitement-conforme-aux-normes","status":"publish","type":"post","link":"https:\/\/linitiative.ca\/International\/pasteque-le-fruit-est-parfaitement-conforme-aux-normes\/","title":{"rendered":"Past\u00e8que: \u00a0\u00bb le fruit est parfaitement conforme aux normes \u00ab\u00a0"},"content":{"rendered":"<div>\n<div class=\"field field-name-body field-type-text-with-summary field-label-hidden\">\n<div class=\"field-items\">\n<div class=\"field-item even\" property=\"content:encoded\">\n<p class=\"rtejustify\">Le minist\u00e8re de l&rsquo;Agriculture, de la P\u00eache maritime, du D\u00e9veloppement rural et des Eaux et for\u00eats d\u00e9ment \u00ab\u00a0cat\u00e9goriquement\u00a0\u00bb les rumeurs qui circulent concernant la qualit\u00e9 de la past\u00e8que mise sur le march\u00e9, rassurant que le fruit est parfaitement conforme aux normes de s\u00e9curit\u00e9 sanitaire des aliments.<\/p>\n<\/div>\n<\/div>\n<\/div>\n<\/div>\n<p>Auteur: mbasraoui<br \/>\n<a href=\"https:\/\/www.leconomiste.com\/flash-infos\/pasteque-le-fruit-est-parfaitement-conforme-aux-normes\">Cliquez ici pour lire l&rsquo;article depuis sa source.<\/a><\/p>\n","protected":false},"excerpt":{"rendered":"<p>Le minist\u00e8re de l&rsquo;Agriculture, de la P\u00eache maritime, du D\u00e9veloppement rural et des Eaux et for\u00eats d\u00e9ment \u00ab\u00a0cat\u00e9goriquement\u00a0\u00bb les rumeurs qui circulent concernant la qualit\u00e9 de la past\u00e8que mise sur le march\u00e9, rassurant que le fruit est parfaitement conforme aux normes de s\u00e9curit\u00e9 sanitaire des aliments. Auteur: mbasraoui Cliquez ici pour lire l&rsquo;article depuis sa [&hellip;]<\/p>\n","protected":false},"author":1763,"featured_media":0,"comment_status":"closed","ping_status":"closed","sticky":false,"template":"","format":"standard","meta":{"fifu_image_url":"","fifu_image_alt":"","footnotes":""},"categories":[78,54],"tags":[],"class_list":["post-120186","post","type-post","status-publish","format-standard","hentry","category-economie","category-maroc"],"_links":{"self":[{"href":"https:\/\/linitiative.ca\/International\/wp-json\/wp\/v2\/posts\/120186","targetHints":{"allow":["GET"]}}],"collection":[{"href":"https:\/\/linitiative.ca\/International\/wp-json\/wp\/v2\/posts"}],"about":[{"href":"https:\/\/linitiative.ca\/International\/wp-json\/wp\/v2\/types\/post"}],"author":[{"embeddable":true,"href":"https:\/\/linitiative.ca\/International\/wp-json\/wp\/v2\/users\/1763"}],"replies":[{"embeddable":true,"href":"https:\/\/linitiative.ca\/International\/wp-json\/wp\/v2\/comments?post=120186"}],"version-history":[{"count":0,"href":"https:\/\/linitiative.ca\/International\/wp-json\/wp\/v2\/posts\/120186\/revisions"}],"wp:attachment":[{"href":"https:\/\/linitiative.ca\/International\/wp-json\/wp\/v2\/media?parent=120186"}],"wp:term":[{"taxonomy":"category","embeddable":true,"href":"https:\/\/linitiative.ca\/International\/wp-json\/wp\/v2\/categories?post=120186"},{"taxonomy":"post_tag","embeddable":true,"href":"https:\/\/linitiative.ca\/International\/wp-json\/wp\/v2\/tags?post=120186"}],"curies":[{"name":"wp","href":"https:\/\/api.w.org\/{rel}","templated":true}]}}