{"id":120192,"date":"2021-07-02T15:14:58","date_gmt":"2021-07-02T19:14:58","guid":{"rendered":"https:\/\/linitiative.ca\/International\/euro-2020-lespagne-se-qualifie-dans-la-douleur-les-suisses-nont-pas-demerite\/"},"modified":"2021-07-02T15:14:58","modified_gmt":"2021-07-02T19:14:58","slug":"euro-2020-lespagne-se-qualifie-dans-la-douleur-les-suisses-nont-pas-demerite","status":"publish","type":"post","link":"https:\/\/linitiative.ca\/International\/euro-2020-lespagne-se-qualifie-dans-la-douleur-les-suisses-nont-pas-demerite\/","title":{"rendered":"Euro 2020 : L&rsquo;Espagne se qualifie dans la douleur. Les Suisses n&rsquo;ont pas d\u00e9m\u00e9rit\u00e9"},"content":{"rendered":"<div>L&rsquo;Espagne est la premi\u00e8re nation qualifi\u00e9e pour les demi-finales de l&rsquo;Euro<img loading=\"lazy\" decoding=\"async\" src=\"http:\/\/feeds.feedburner.com\/~r\/GalerieFArtciles\/~4\/nd24ZtOfqP8\" height=\"1\" width=\"1\" alt=\"\"><\/div>\n<p>Auteur:<br \/>\n<a href=\"http:\/\/www.lebuteur.com\/article\/detail?titre=euro-2020-lespagne-se-qualifie-dans-la-douleur-les-suisses-nont-pas-demerite&#038;id=100524&#038;utm_source=feedburner&#038;utm_medium=feed&#038;utm_campaign=Feed%3A+GalerieFArtciles+%28Les+derniers+articles++-+lebuteur.com%29\">Cliquez ici pour lire l&rsquo;article depuis sa source.<\/a><\/p>\n","protected":false},"excerpt":{"rendered":"<p>L&rsquo;Espagne est la premi\u00e8re nation qualifi\u00e9e pour les demi-finales de l&rsquo;Euro Auteur: Cliquez ici pour lire l&rsquo;article depuis sa source.<\/p>\n","protected":false},"author":1738,"featured_media":0,"comment_status":"closed","ping_status":"closed","sticky":false,"template":"","format":"standard","meta":{"fifu_image_url":"http:\/\/feeds.feedburner.com\/~r\/GalerieFArtciles\/~4\/nd24ZtOfqP8","fifu_image_alt":"<div>Euro 2020 : L'Espagne se qualifie dans la douleur. Les Suisses n'ont pas d\u00e9m\u00e9rit\u00e9<\/div>","footnotes":""},"categories":[53,75],"tags":[],"class_list":["post-120192","post","type-post","status-publish","format-standard","hentry","category-algerie","category-sport"],"_links":{"self":[{"href":"https:\/\/linitiative.ca\/International\/wp-json\/wp\/v2\/posts\/120192","targetHints":{"allow":["GET"]}}],"collection":[{"href":"https:\/\/linitiative.ca\/International\/wp-json\/wp\/v2\/posts"}],"about":[{"href":"https:\/\/linitiative.ca\/International\/wp-json\/wp\/v2\/types\/post"}],"author":[{"embeddable":true,"href":"https:\/\/linitiative.ca\/International\/wp-json\/wp\/v2\/users\/1738"}],"replies":[{"embeddable":true,"href":"https:\/\/linitiative.ca\/International\/wp-json\/wp\/v2\/comments?post=120192"}],"version-history":[{"count":0,"href":"https:\/\/linitiative.ca\/International\/wp-json\/wp\/v2\/posts\/120192\/revisions"}],"wp:attachment":[{"href":"https:\/\/linitiative.ca\/International\/wp-json\/wp\/v2\/media?parent=120192"}],"wp:term":[{"taxonomy":"category","embeddable":true,"href":"https:\/\/linitiative.ca\/International\/wp-json\/wp\/v2\/categories?post=120192"},{"taxonomy":"post_tag","embeddable":true,"href":"https:\/\/linitiative.ca\/International\/wp-json\/wp\/v2\/tags?post=120192"}],"curies":[{"name":"wp","href":"https:\/\/api.w.org\/{rel}","templated":true}]}}