{"id":120195,"date":"2021-07-02T11:42:00","date_gmt":"2021-07-02T15:42:00","guid":{"rendered":"https:\/\/linitiative.ca\/International\/tunisie-loi-de-finances-complementaire-a-la-rentree\/"},"modified":"2021-07-02T11:42:00","modified_gmt":"2021-07-02T15:42:00","slug":"tunisie-loi-de-finances-complementaire-a-la-rentree","status":"publish","type":"post","link":"https:\/\/linitiative.ca\/International\/tunisie-loi-de-finances-complementaire-a-la-rentree\/","title":{"rendered":"Tunisie: Loi de finances compl\u00e9mentaire \u00e0 la rentr\u00e9e?"},"content":{"rendered":"<div><img decoding=\"async\" src=\"https:\/\/linitiative.ca\/International\/wp-content\/uploads\/sites\/23\/2021\/07\/1625236997_article.jpg\" alt=\"Tunisie: Loi de finances compl\u00e9mentaire \u00e0 la rentr\u00e9e?\" align=\"left\">Course contre la montre \u00e0 la Kasbah pour finaliser le projet de loi de finances compl\u00e9mentaire. Cens\u00e9 l\u2019\u00eatre au plus tard au cours du deuxi\u00e8me trimestre, il attend encore la mise au point et les concertations avec les partis qui appuient le gouvernement Mechichi. \u00abNous avons par r\u00e9alisme pr\u00e9f\u00e9r\u00e9 disposer des r\u00e9alisations au cours du premier trimestre, mesur\u00e9 l\u2019impact r\u00e9el du Covid et en d\u00e9battre au pr\u00e9alable avec nos partenaires politiques\u00bb, confie \u00e0 Leaders un proche conseiller de Hichem Mechichi. \u00abNotre objectif est de tout boucler d\u00e9but juillet et de soumettre le projet de loi \u00e0 l\u2019ARP pour examen avant les vacances parlementaires\u00bb, ajoute-t-il.<br \/>\nCalendrier &#8230;<\/p>\n<\/div>\n<p>Auteur:<br \/>\n<a href=\"https:\/\/www.leaders.com.tn\/article\/32106-tunisie-loi-de-finances-complementaire-a-la-rentree\">Cliquez ici pour lire l&rsquo;article depuis sa source.<\/a><\/p>\n","protected":false},"excerpt":{"rendered":"<p>Course contre la montre \u00e0 la Kasbah pour finaliser le projet de loi de finances compl\u00e9mentaire. Cens\u00e9 l\u2019\u00eatre au plus tard au cours du deuxi\u00e8me trimestre, il attend encore la mise au point et les concertations avec les partis qui appuient le gouvernement Mechichi. \u00abNous avons par r\u00e9alisme pr\u00e9f\u00e9r\u00e9 disposer des r\u00e9alisations au cours du [&hellip;]<\/p>\n","protected":false},"author":1772,"featured_media":0,"comment_status":"closed","ping_status":"closed","sticky":false,"template":"","format":"standard","meta":{"fifu_image_url":"http:\/\/www.leaders.com.tn\/uploads\/content\/thumbnails_small\/1625236997_article.jpg","fifu_image_alt":"Tunisie: Loi de finances compl\u00e9mentaire \u00e0 la rentr\u00e9e?","footnotes":""},"categories":[73,55],"tags":[],"class_list":["post-120195","post","type-post","status-publish","format-standard","hentry","category-actualite","category-tunisie"],"_links":{"self":[{"href":"https:\/\/linitiative.ca\/International\/wp-json\/wp\/v2\/posts\/120195","targetHints":{"allow":["GET"]}}],"collection":[{"href":"https:\/\/linitiative.ca\/International\/wp-json\/wp\/v2\/posts"}],"about":[{"href":"https:\/\/linitiative.ca\/International\/wp-json\/wp\/v2\/types\/post"}],"author":[{"embeddable":true,"href":"https:\/\/linitiative.ca\/International\/wp-json\/wp\/v2\/users\/1772"}],"replies":[{"embeddable":true,"href":"https:\/\/linitiative.ca\/International\/wp-json\/wp\/v2\/comments?post=120195"}],"version-history":[{"count":0,"href":"https:\/\/linitiative.ca\/International\/wp-json\/wp\/v2\/posts\/120195\/revisions"}],"wp:attachment":[{"href":"https:\/\/linitiative.ca\/International\/wp-json\/wp\/v2\/media?parent=120195"}],"wp:term":[{"taxonomy":"category","embeddable":true,"href":"https:\/\/linitiative.ca\/International\/wp-json\/wp\/v2\/categories?post=120195"},{"taxonomy":"post_tag","embeddable":true,"href":"https:\/\/linitiative.ca\/International\/wp-json\/wp\/v2\/tags?post=120195"}],"curies":[{"name":"wp","href":"https:\/\/api.w.org\/{rel}","templated":true}]}}