{"id":120203,"date":"2021-07-02T14:26:23","date_gmt":"2021-07-02T18:26:23","guid":{"rendered":"https:\/\/linitiative.ca\/International\/coronavirus-les-centres-de-vaccination-seront-desormais-ouverts-les-dimanches-ministere\/"},"modified":"2021-07-02T14:26:23","modified_gmt":"2021-07-02T18:26:23","slug":"coronavirus-les-centres-de-vaccination-seront-desormais-ouverts-les-dimanches-ministere","status":"publish","type":"post","link":"https:\/\/linitiative.ca\/International\/coronavirus-les-centres-de-vaccination-seront-desormais-ouverts-les-dimanches-ministere\/","title":{"rendered":"Coronavirus. Les centres de vaccination seront d\u00e9sormais ouverts les dimanches [Minist\u00e8re]"},"content":{"rendered":"<div><img decoding=\"async\" width=\"3840\" height=\"1920\" src=\"https:\/\/linitiative.ca\/International\/wp-content\/uploads\/sites\/23\/2021\/07\/vaccination-maroc-1.png\" class=\"attachment-post-thumbnail size-post-thumbnail wp-post-image\" alt=\"\" loading=\"lazy\" srcset=\"https:\/\/linitiative.ca\/International\/wp-content\/uploads\/sites\/23\/2021\/07\/vaccination-maroc-1.png 3840w, https:\/\/www.challenge.ma\/wp-content\/uploads\/2021\/06\/vaccination-maroc-1-300x150.png 300w\" sizes=\"auto, (max-width: 3840px) 100vw, 3840px\" itemprop=\"image\">Le minist\u00e8re de la Sant\u00e9 annonce l\u2019ouverture des centres de vaccination tous les jours de la semaine, y compris les dimanches, en vue d\u2019acc\u00e9l\u00e9rer la campagne de vaccination. Les d\u00e9tails. Dans le cadre de l\u2019acc\u00e9l\u00e9ration du processus national de vaccination, et afin des groupes de plus de quarante ans, qui<\/div>\n<p>Auteur: challenge<br \/>\n<a href=\"https:\/\/www.challenge.ma\/coronavirus-les-centres-de-vaccination-seront-desormais-ouverts-les-dimanches-ministere-191109\/\">Cliquez ici pour lire l&rsquo;article depuis sa source.<\/a><\/p>\n","protected":false},"excerpt":{"rendered":"<p>Le minist\u00e8re de la Sant\u00e9 annonce l\u2019ouverture des centres de vaccination tous les jours de la semaine, y compris les dimanches, en vue d\u2019acc\u00e9l\u00e9rer la campagne de vaccination. Les d\u00e9tails. Dans le cadre de l\u2019acc\u00e9l\u00e9ration du processus national de vaccination, et afin des groupes de plus de quarante ans, qui Auteur: challenge Cliquez ici pour [&hellip;]<\/p>\n","protected":false},"author":1787,"featured_media":0,"comment_status":"closed","ping_status":"closed","sticky":false,"template":"","format":"standard","meta":{"fifu_image_url":"https:\/\/www.challenge.ma\/wp-content\/uploads\/2021\/06\/vaccination-maroc-1.png","fifu_image_alt":"Coronavirus. Les centres de vaccination seront d\u00e9sormais ouverts les dimanches [Minist\u00e8re]","footnotes":""},"categories":[78,54],"tags":[],"class_list":["post-120203","post","type-post","status-publish","format-standard","hentry","category-economie","category-maroc"],"_links":{"self":[{"href":"https:\/\/linitiative.ca\/International\/wp-json\/wp\/v2\/posts\/120203","targetHints":{"allow":["GET"]}}],"collection":[{"href":"https:\/\/linitiative.ca\/International\/wp-json\/wp\/v2\/posts"}],"about":[{"href":"https:\/\/linitiative.ca\/International\/wp-json\/wp\/v2\/types\/post"}],"author":[{"embeddable":true,"href":"https:\/\/linitiative.ca\/International\/wp-json\/wp\/v2\/users\/1787"}],"replies":[{"embeddable":true,"href":"https:\/\/linitiative.ca\/International\/wp-json\/wp\/v2\/comments?post=120203"}],"version-history":[{"count":0,"href":"https:\/\/linitiative.ca\/International\/wp-json\/wp\/v2\/posts\/120203\/revisions"}],"wp:attachment":[{"href":"https:\/\/linitiative.ca\/International\/wp-json\/wp\/v2\/media?parent=120203"}],"wp:term":[{"taxonomy":"category","embeddable":true,"href":"https:\/\/linitiative.ca\/International\/wp-json\/wp\/v2\/categories?post=120203"},{"taxonomy":"post_tag","embeddable":true,"href":"https:\/\/linitiative.ca\/International\/wp-json\/wp\/v2\/tags?post=120203"}],"curies":[{"name":"wp","href":"https:\/\/api.w.org\/{rel}","templated":true}]}}