{"id":120207,"date":"2021-07-02T17:05:25","date_gmt":"2021-07-02T21:05:25","guid":{"rendered":"https:\/\/linitiative.ca\/International\/yahia-chraibi-nouveau-directeur-general-de-saham-assurance\/"},"modified":"2021-07-02T17:05:25","modified_gmt":"2021-07-02T21:05:25","slug":"yahia-chraibi-nouveau-directeur-general-de-saham-assurance","status":"publish","type":"post","link":"https:\/\/linitiative.ca\/International\/yahia-chraibi-nouveau-directeur-general-de-saham-assurance\/","title":{"rendered":"Yahia Chra\u00efbi, nouveau Directeur G\u00e9n\u00e9ral de Saham Assurance"},"content":{"rendered":"<div><img decoding=\"async\" width=\"1248\" height=\"1044\" src=\"https:\/\/linitiative.ca\/International\/wp-content\/uploads\/sites\/23\/2021\/07\/yahia.jpeg\" class=\"attachment-post-thumbnail size-post-thumbnail wp-post-image\" alt=\"\" loading=\"lazy\" srcset=\"https:\/\/linitiative.ca\/International\/wp-content\/uploads\/sites\/23\/2021\/07\/yahia.jpeg 1248w, https:\/\/www.challenge.ma\/wp-content\/uploads\/2021\/07\/yahia-300x251.jpeg 300w, https:\/\/www.challenge.ma\/wp-content\/uploads\/2021\/07\/yahia-1024x857.jpeg 1024w, https:\/\/www.challenge.ma\/wp-content\/uploads\/2021\/07\/yahia-768x642.jpeg 768w, https:\/\/www.challenge.ma\/wp-content\/uploads\/2021\/07\/yahia-360x301.jpeg 360w, https:\/\/www.challenge.ma\/wp-content\/uploads\/2021\/07\/yahia-750x627.jpeg 750w, https:\/\/www.challenge.ma\/wp-content\/uploads\/2021\/07\/yahia-70x60.jpeg 70w\" sizes=\"auto, (max-width: 1248px) 100vw, 1248px\" itemprop=\"image\">Il vient de prendre les commandes de la Direction g\u00e9n\u00e9rale de Saham Assurance. Yahia Chra\u00efbi a en effet r\u00e9cemment \u00e9t\u00e9 nomm\u00e9 au poste de Directeur G\u00e9n\u00e9ral de la compagnie d\u2019assurance. Sa mission sera de poursuivre le d\u00e9veloppement de l\u2019assureur dans le royaume, en consolidant notamment son positionnement sur le march\u00e9.<\/div>\n<p>Auteur: challenge<br \/>\n<a href=\"https:\/\/www.challenge.ma\/yahia-chraibi-nouveau-directeur-general-de-saham-assurance-191173\/\">Cliquez ici pour lire l&rsquo;article depuis sa source.<\/a><\/p>\n","protected":false},"excerpt":{"rendered":"<p>Il vient de prendre les commandes de la Direction g\u00e9n\u00e9rale de Saham Assurance. Yahia Chra\u00efbi a en effet r\u00e9cemment \u00e9t\u00e9 nomm\u00e9 au poste de Directeur G\u00e9n\u00e9ral de la compagnie d\u2019assurance. Sa mission sera de poursuivre le d\u00e9veloppement de l\u2019assureur dans le royaume, en consolidant notamment son positionnement sur le march\u00e9. Auteur: challenge Cliquez ici pour [&hellip;]<\/p>\n","protected":false},"author":1787,"featured_media":0,"comment_status":"closed","ping_status":"closed","sticky":false,"template":"","format":"standard","meta":{"fifu_image_url":"https:\/\/www.challenge.ma\/wp-content\/uploads\/2021\/07\/yahia.jpeg","fifu_image_alt":"Yahia Chra\u00efbi, nouveau Directeur G\u00e9n\u00e9ral de Saham Assurance","footnotes":""},"categories":[78,54],"tags":[],"class_list":["post-120207","post","type-post","status-publish","format-standard","hentry","category-economie","category-maroc"],"_links":{"self":[{"href":"https:\/\/linitiative.ca\/International\/wp-json\/wp\/v2\/posts\/120207","targetHints":{"allow":["GET"]}}],"collection":[{"href":"https:\/\/linitiative.ca\/International\/wp-json\/wp\/v2\/posts"}],"about":[{"href":"https:\/\/linitiative.ca\/International\/wp-json\/wp\/v2\/types\/post"}],"author":[{"embeddable":true,"href":"https:\/\/linitiative.ca\/International\/wp-json\/wp\/v2\/users\/1787"}],"replies":[{"embeddable":true,"href":"https:\/\/linitiative.ca\/International\/wp-json\/wp\/v2\/comments?post=120207"}],"version-history":[{"count":0,"href":"https:\/\/linitiative.ca\/International\/wp-json\/wp\/v2\/posts\/120207\/revisions"}],"wp:attachment":[{"href":"https:\/\/linitiative.ca\/International\/wp-json\/wp\/v2\/media?parent=120207"}],"wp:term":[{"taxonomy":"category","embeddable":true,"href":"https:\/\/linitiative.ca\/International\/wp-json\/wp\/v2\/categories?post=120207"},{"taxonomy":"post_tag","embeddable":true,"href":"https:\/\/linitiative.ca\/International\/wp-json\/wp\/v2\/tags?post=120207"}],"curies":[{"name":"wp","href":"https:\/\/api.w.org\/{rel}","templated":true}]}}