{"id":120211,"date":"2021-07-02T15:26:24","date_gmt":"2021-07-02T19:26:24","guid":{"rendered":"https:\/\/linitiative.ca\/International\/violence-parlementaire-ghannouchi-sexprime-sur-lagression-a-lencontre-de-abir-moussi\/"},"modified":"2021-07-02T15:26:24","modified_gmt":"2021-07-02T19:26:24","slug":"violence-parlementaire-ghannouchi-sexprime-sur-lagression-a-lencontre-de-abir-moussi","status":"publish","type":"post","link":"https:\/\/linitiative.ca\/International\/violence-parlementaire-ghannouchi-sexprime-sur-lagression-a-lencontre-de-abir-moussi\/","title":{"rendered":"Violence parlementaire : Ghannouchi s\u2019exprime sur l\u2019agression \u00e0 l\u2019encontre de Abir Moussi"},"content":{"rendered":"<div>\n<p>Le pr\u00e9sident de de l\u2019ARP par ailleurs Chef du Mouvement Ennahdha, Rached Ghannouchi a exprim\u00e9 dans un communiqu\u00e9 rendu public aujourd\u2019hui 02 juillet 2021 son grand choc et sa profonde condamnation de l\u2019agression \u00e0 l\u2019encontre de la d\u00e9put\u00e9e PDL, Abir Moussi pendant les travaux de la s\u00e9ance pl\u00e9ni\u00e8re du 30 juin 2021. Ghannouchi a indiqu\u00e9 [\u2026]<\/p>\n<p>L\u2019article <a href=\"https:\/\/www.tunisienumerique.com\/violence-parlementaire-ghannouchi-sexprime-sur-lagression-a-lencontre-de-abir-moussi\/\">Violence parlementaire : Ghannouchi s\u2019exprime sur l\u2019agression \u00e0 l\u2019encontre de Abir Moussi<\/a> est apparu en premier sur <a href=\"https:\/\/www.tunisienumerique.com\/\">Tunisie<\/a>.<\/p>\n<\/div>\n<p>Auteur: rania ben slimane<br \/>\n<a href=\"https:\/\/www.tunisienumerique.com\/violence-parlementaire-ghannouchi-sexprime-sur-lagression-a-lencontre-de-abir-moussi\/\">Cliquez ici pour lire l&rsquo;article depuis sa source.<\/a><\/p>\n","protected":false},"excerpt":{"rendered":"<p>Le pr\u00e9sident de de l\u2019ARP par ailleurs Chef du Mouvement Ennahdha, Rached Ghannouchi a exprim\u00e9 dans un communiqu\u00e9 rendu public aujourd\u2019hui 02 juillet 2021 son grand choc et sa profonde condamnation de l\u2019agression \u00e0 l\u2019encontre de la d\u00e9put\u00e9e PDL, Abir Moussi pendant les travaux de la s\u00e9ance pl\u00e9ni\u00e8re du 30 juin 2021. Ghannouchi a indiqu\u00e9 [&hellip;]<\/p>\n","protected":false},"author":1789,"featured_media":0,"comment_status":"closed","ping_status":"closed","sticky":false,"template":"","format":"standard","meta":{"fifu_image_url":"","fifu_image_alt":"","footnotes":""},"categories":[73,55],"tags":[],"class_list":["post-120211","post","type-post","status-publish","format-standard","hentry","category-actualite","category-tunisie"],"_links":{"self":[{"href":"https:\/\/linitiative.ca\/International\/wp-json\/wp\/v2\/posts\/120211","targetHints":{"allow":["GET"]}}],"collection":[{"href":"https:\/\/linitiative.ca\/International\/wp-json\/wp\/v2\/posts"}],"about":[{"href":"https:\/\/linitiative.ca\/International\/wp-json\/wp\/v2\/types\/post"}],"author":[{"embeddable":true,"href":"https:\/\/linitiative.ca\/International\/wp-json\/wp\/v2\/users\/1789"}],"replies":[{"embeddable":true,"href":"https:\/\/linitiative.ca\/International\/wp-json\/wp\/v2\/comments?post=120211"}],"version-history":[{"count":0,"href":"https:\/\/linitiative.ca\/International\/wp-json\/wp\/v2\/posts\/120211\/revisions"}],"wp:attachment":[{"href":"https:\/\/linitiative.ca\/International\/wp-json\/wp\/v2\/media?parent=120211"}],"wp:term":[{"taxonomy":"category","embeddable":true,"href":"https:\/\/linitiative.ca\/International\/wp-json\/wp\/v2\/categories?post=120211"},{"taxonomy":"post_tag","embeddable":true,"href":"https:\/\/linitiative.ca\/International\/wp-json\/wp\/v2\/tags?post=120211"}],"curies":[{"name":"wp","href":"https:\/\/api.w.org\/{rel}","templated":true}]}}